{"id":2261,"date":"2018-07-10T12:30:52","date_gmt":"2018-07-10T10:30:52","guid":{"rendered":"http:\/\/ff-waldbach.at\/wordpress\/?p=2261"},"modified":"2018-11-19T16:14:16","modified_gmt":"2018-11-19T14:14:16","slug":"unwettereinsatz-04-06-2018","status":"publish","type":"post","link":"https:\/\/ff-waldbach.at\/wordpress\/?p=2261","title":{"rendered":"Unwettereinsatz 04.06.2018"},"content":{"rendered":"<p style=\"text-align: justify;\">Am Montag dem <strong>04.06.2018<\/strong> wurde die FF-Waldbach um 14:51 Uhr mit Sirenenalarm zu einem Unwettereinsatz nach Festenburg gerufen. Nach einem schweren Unwetter waren im Bereich Festenburg und im Ortsteil M\u00f6nichwald zahlreiche Schadenslagen abzuarbeiten. Hangrutschungen haben Objekte besch\u00e4digt, Stra\u00dfen wurden \u00fcberschwemmt, Durchl\u00e4sse und Br\u00fccken verstopft.<\/p>\n<p style=\"text-align: justify;\">Unser LFB-A und MTF-A r\u00fcckten nach wenigen Minuten mit 12 Mann zu zwei Schadenslagen im Ortsteil M\u00f6nichwald aus. Anschlie\u00dfend haben wir eine Schadenslage in Festenburg abgearbeitet und danach wurden wir zu einer Schadenslage in die Gemeinde St. Lorenzen am Wechsel zu Reinigungs- und Sicherungsarbeiten an einem Objekt gerufen.<\/p>\n<p>Um ca. 22:30 Uhr waren Mannschaft und Ger\u00e4t wieder im R\u00fcsthaus einger\u00fcckt und einsatzbereit.<\/p>\n<p>Am Dienstag dem <strong>05.06.2018<\/strong> waren wir wieder im Katastrophengebiet im Einsatz um Sicherungsarbeiten an H\u00e4ngen durchzuf\u00fchren.<\/p>\n<p><a href=\"https:\/\/ff-waldbach.at\/wordpress\/wp-content\/uploads\/2018\/07\/IMG_5315.jpg\"><img loading=\"lazy\" decoding=\"async\" class=\"aligncenter size-medium wp-image-2319\" alt=\"IMG_5315\" src=\"https:\/\/ff-waldbach.at\/wordpress\/wp-content\/uploads\/2018\/07\/IMG_5315-300x225.jpg\" width=\"300\" height=\"225\" srcset=\"https:\/\/ff-waldbach.at\/wordpress\/wp-content\/uploads\/2018\/07\/IMG_5315-300x225.jpg 300w, https:\/\/ff-waldbach.at\/wordpress\/wp-content\/uploads\/2018\/07\/IMG_5315-400x300.jpg 400w, https:\/\/ff-waldbach.at\/wordpress\/wp-content\/uploads\/2018\/07\/IMG_5315.jpg 640w\" sizes=\"auto, (max-width: 300px) 100vw, 300px\" \/><\/a><\/p>\n<p><a href=\"https:\/\/ff-waldbach.at\/wordpress\/wp-content\/uploads\/2018\/07\/IMG_53171-e1531288577489.jpg\"><img loading=\"lazy\" decoding=\"async\" class=\"aligncenter size-medium wp-image-2321\" alt=\"IMG_5317\" src=\"https:\/\/ff-waldbach.at\/wordpress\/wp-content\/uploads\/2018\/07\/IMG_53171-e1531288577489-225x300.jpg\" width=\"225\" height=\"300\" srcset=\"https:\/\/ff-waldbach.at\/wordpress\/wp-content\/uploads\/2018\/07\/IMG_53171-e1531288577489-225x300.jpg 225w, https:\/\/ff-waldbach.at\/wordpress\/wp-content\/uploads\/2018\/07\/IMG_53171-e1531288577489.jpg 480w\" sizes=\"auto, (max-width: 225px) 100vw, 225px\" \/><\/a><\/p>\n<p><a href=\"https:\/\/ff-waldbach.at\/wordpress\/wp-content\/uploads\/2018\/07\/IMG_5313-e1531203770867.jpg\"><img loading=\"lazy\" decoding=\"async\" class=\"aligncenter size-medium wp-image-2265\" alt=\"IMG_5313\" src=\"https:\/\/ff-waldbach.at\/wordpress\/wp-content\/uploads\/2018\/07\/IMG_5313-e1531203770867-225x300.jpg\" width=\"225\" height=\"300\" srcset=\"https:\/\/ff-waldbach.at\/wordpress\/wp-content\/uploads\/2018\/07\/IMG_5313-e1531203770867-225x300.jpg 225w, https:\/\/ff-waldbach.at\/wordpress\/wp-content\/uploads\/2018\/07\/IMG_5313-e1531203770867.jpg 480w\" sizes=\"auto, (max-width: 225px) 100vw, 225px\" \/><\/a><\/p>\n<p>&nbsp;<\/p>\n","protected":false},"excerpt":{"rendered":"<p>Am Montag dem 04.06.2018 wurde die FF-Waldbach um 14:51 Uhr mit Sirenenalarm zu einem Unwettereinsatz nach Festenburg gerufen. Nach einem [&hellip;]<\/p>\n","protected":false},"author":1,"featured_media":0,"comment_status":"closed","ping_status":"closed","sticky":false,"template":"","format":"standard","meta":{"_coblocks_attr":"","_coblocks_dimensions":"","_coblocks_responsive_height":"","_coblocks_accordion_ie_support":"","footnotes":""},"categories":[2],"tags":[],"class_list":["post-2261","post","type-post","status-publish","format-standard","hentry","category-einsatz"],"_links":{"self":[{"href":"https:\/\/ff-waldbach.at\/wordpress\/index.php?rest_route=\/wp\/v2\/posts\/2261","targetHints":{"allow":["GET"]}}],"collection":[{"href":"https:\/\/ff-waldbach.at\/wordpress\/index.php?rest_route=\/wp\/v2\/posts"}],"about":[{"href":"https:\/\/ff-waldbach.at\/wordpress\/index.php?rest_route=\/wp\/v2\/types\/post"}],"author":[{"embeddable":true,"href":"https:\/\/ff-waldbach.at\/wordpress\/index.php?rest_route=\/wp\/v2\/users\/1"}],"replies":[{"embeddable":true,"href":"https:\/\/ff-waldbach.at\/wordpress\/index.php?rest_route=%2Fwp%2Fv2%2Fcomments&post=2261"}],"version-history":[{"count":7,"href":"https:\/\/ff-waldbach.at\/wordpress\/index.php?rest_route=\/wp\/v2\/posts\/2261\/revisions"}],"predecessor-version":[{"id":2323,"href":"https:\/\/ff-waldbach.at\/wordpress\/index.php?rest_route=\/wp\/v2\/posts\/2261\/revisions\/2323"}],"wp:attachment":[{"href":"https:\/\/ff-waldbach.at\/wordpress\/index.php?rest_route=%2Fwp%2Fv2%2Fmedia&parent=2261"}],"wp:term":[{"taxonomy":"category","embeddable":true,"href":"https:\/\/ff-waldbach.at\/wordpress\/index.php?rest_route=%2Fwp%2Fv2%2Fcategories&post=2261"},{"taxonomy":"post_tag","embeddable":true,"href":"https:\/\/ff-waldbach.at\/wordpress\/index.php?rest_route=%2Fwp%2Fv2%2Ftags&post=2261"}],"curies":[{"name":"wp","href":"https:\/\/api.w.org\/{rel}","templated":true}]}}