{"id":2270,"date":"2018-07-10T12:35:31","date_gmt":"2018-07-10T10:35:31","guid":{"rendered":"http:\/\/ff-waldbach.at\/wordpress\/?p=2270"},"modified":"2019-01-01T12:43:38","modified_gmt":"2019-01-01T10:43:38","slug":"unwettereinsatz-12-06-2018","status":"publish","type":"post","link":"https:\/\/ff-waldbach.at\/wordpress\/?p=2270","title":{"rendered":"Unwettereinsatz 12.06.2018"},"content":{"rendered":"<p>Am Dienstag dem 12.06.2018 um 19:02 Uhr wurden wir mit Sirenenalarm auf Grund des starken Windes und des heftigen Gewitters zu einem Einsatz alarmiert.<\/p>\n<p>15 Mann r\u00fcckten sofort mit MTF-A und LFB-A zur Beseitigung von umgest\u00fcrzten B\u00e4umen aus. Die Gemeindestra\u00dfe Richtung Hauswiese konnte nach Entfernung der B\u00e4ume wieder f\u00fcr den Verkehr freigegeben werden.<\/p>\n<p><a href=\"https:\/\/ff-waldbach.at\/wordpress\/wp-content\/uploads\/2018\/07\/Hauswiese-3.jpg\"><img loading=\"lazy\" decoding=\"async\" class=\"aligncenter size-medium wp-image-2274\" alt=\"Hauswiese, 3\" src=\"https:\/\/ff-waldbach.at\/wordpress\/wp-content\/uploads\/2018\/07\/Hauswiese-3-300x225.jpg\" width=\"300\" height=\"225\" srcset=\"https:\/\/ff-waldbach.at\/wordpress\/wp-content\/uploads\/2018\/07\/Hauswiese-3-300x225.jpg 300w, https:\/\/ff-waldbach.at\/wordpress\/wp-content\/uploads\/2018\/07\/Hauswiese-3-1024x768.jpg 1024w, https:\/\/ff-waldbach.at\/wordpress\/wp-content\/uploads\/2018\/07\/Hauswiese-3-400x300.jpg 400w, https:\/\/ff-waldbach.at\/wordpress\/wp-content\/uploads\/2018\/07\/Hauswiese-3.jpg 1600w\" sizes=\"auto, (max-width: 300px) 100vw, 300px\" \/><\/a> <a href=\"https:\/\/ff-waldbach.at\/wordpress\/wp-content\/uploads\/2018\/07\/Hauswiese.jpg\"><img loading=\"lazy\" decoding=\"async\" class=\"aligncenter size-medium wp-image-2275\" alt=\"Hauswiese,\" src=\"https:\/\/ff-waldbach.at\/wordpress\/wp-content\/uploads\/2018\/07\/Hauswiese-300x225.jpg\" width=\"300\" height=\"225\" srcset=\"https:\/\/ff-waldbach.at\/wordpress\/wp-content\/uploads\/2018\/07\/Hauswiese-300x225.jpg 300w, https:\/\/ff-waldbach.at\/wordpress\/wp-content\/uploads\/2018\/07\/Hauswiese-1024x768.jpg 1024w, https:\/\/ff-waldbach.at\/wordpress\/wp-content\/uploads\/2018\/07\/Hauswiese-400x300.jpg 400w, https:\/\/ff-waldbach.at\/wordpress\/wp-content\/uploads\/2018\/07\/Hauswiese.jpg 1600w\" sizes=\"auto, (max-width: 300px) 100vw, 300px\" \/><\/a> <a href=\"https:\/\/ff-waldbach.at\/wordpress\/wp-content\/uploads\/2018\/07\/Hauswiese-2.jpg\"><img loading=\"lazy\" decoding=\"async\" class=\"aligncenter size-medium wp-image-2273\" alt=\"Hauswiese, 2\" src=\"https:\/\/ff-waldbach.at\/wordpress\/wp-content\/uploads\/2018\/07\/Hauswiese-2-300x225.jpg\" width=\"300\" height=\"225\" srcset=\"https:\/\/ff-waldbach.at\/wordpress\/wp-content\/uploads\/2018\/07\/Hauswiese-2-300x225.jpg 300w, https:\/\/ff-waldbach.at\/wordpress\/wp-content\/uploads\/2018\/07\/Hauswiese-2-1024x768.jpg 1024w, https:\/\/ff-waldbach.at\/wordpress\/wp-content\/uploads\/2018\/07\/Hauswiese-2-400x300.jpg 400w, https:\/\/ff-waldbach.at\/wordpress\/wp-content\/uploads\/2018\/07\/Hauswiese-2.jpg 1600w\" sizes=\"auto, (max-width: 300px) 100vw, 300px\" \/><\/a> <a href=\"https:\/\/ff-waldbach.at\/wordpress\/wp-content\/uploads\/2018\/07\/Hauswiese-1.jpg\"><img loading=\"lazy\" decoding=\"async\" class=\"aligncenter size-medium wp-image-2272\" alt=\"Hauswiese, 1\" src=\"https:\/\/ff-waldbach.at\/wordpress\/wp-content\/uploads\/2018\/07\/Hauswiese-1-300x225.jpg\" width=\"300\" height=\"225\" srcset=\"https:\/\/ff-waldbach.at\/wordpress\/wp-content\/uploads\/2018\/07\/Hauswiese-1-300x225.jpg 300w, https:\/\/ff-waldbach.at\/wordpress\/wp-content\/uploads\/2018\/07\/Hauswiese-1-1024x768.jpg 1024w, https:\/\/ff-waldbach.at\/wordpress\/wp-content\/uploads\/2018\/07\/Hauswiese-1-400x300.jpg 400w, https:\/\/ff-waldbach.at\/wordpress\/wp-content\/uploads\/2018\/07\/Hauswiese-1.jpg 1600w\" sizes=\"auto, (max-width: 300px) 100vw, 300px\" \/><\/a><\/p>\n<p>&nbsp;<\/p>\n","protected":false},"excerpt":{"rendered":"<p>Am Dienstag dem 12.06.2018 um 19:02 Uhr wurden wir mit Sirenenalarm auf Grund des starken Windes und des heftigen Gewitters [&hellip;]<\/p>\n","protected":false},"author":1,"featured_media":0,"comment_status":"closed","ping_status":"closed","sticky":false,"template":"","format":"standard","meta":{"_coblocks_attr":"","_coblocks_dimensions":"","_coblocks_responsive_height":"","_coblocks_accordion_ie_support":"","footnotes":""},"categories":[2],"tags":[],"class_list":["post-2270","post","type-post","status-publish","format-standard","hentry","category-einsatz"],"_links":{"self":[{"href":"https:\/\/ff-waldbach.at\/wordpress\/index.php?rest_route=\/wp\/v2\/posts\/2270","targetHints":{"allow":["GET"]}}],"collection":[{"href":"https:\/\/ff-waldbach.at\/wordpress\/index.php?rest_route=\/wp\/v2\/posts"}],"about":[{"href":"https:\/\/ff-waldbach.at\/wordpress\/index.php?rest_route=\/wp\/v2\/types\/post"}],"author":[{"embeddable":true,"href":"https:\/\/ff-waldbach.at\/wordpress\/index.php?rest_route=\/wp\/v2\/users\/1"}],"replies":[{"embeddable":true,"href":"https:\/\/ff-waldbach.at\/wordpress\/index.php?rest_route=%2Fwp%2Fv2%2Fcomments&post=2270"}],"version-history":[{"count":2,"href":"https:\/\/ff-waldbach.at\/wordpress\/index.php?rest_route=\/wp\/v2\/posts\/2270\/revisions"}],"predecessor-version":[{"id":2276,"href":"https:\/\/ff-waldbach.at\/wordpress\/index.php?rest_route=\/wp\/v2\/posts\/2270\/revisions\/2276"}],"wp:attachment":[{"href":"https:\/\/ff-waldbach.at\/wordpress\/index.php?rest_route=%2Fwp%2Fv2%2Fmedia&parent=2270"}],"wp:term":[{"taxonomy":"category","embeddable":true,"href":"https:\/\/ff-waldbach.at\/wordpress\/index.php?rest_route=%2Fwp%2Fv2%2Fcategories&post=2270"},{"taxonomy":"post_tag","embeddable":true,"href":"https:\/\/ff-waldbach.at\/wordpress\/index.php?rest_route=%2Fwp%2Fv2%2Ftags&post=2270"}],"curies":[{"name":"wp","href":"https:\/\/api.w.org\/{rel}","templated":true}]}}