{"id":2841,"date":"2019-11-25T09:13:03","date_gmt":"2019-11-25T07:13:03","guid":{"rendered":"http:\/\/ff-waldbach.at\/wordpress\/?p=2841"},"modified":"2020-08-17T13:12:05","modified_gmt":"2020-08-17T11:12:05","slug":"fahrzeugbergung-22-11-2019","status":"publish","type":"post","link":"https:\/\/ff-waldbach.at\/wordpress\/?p=2841","title":{"rendered":"Fahrzeugbergung 22.11.2019"},"content":{"rendered":"<p>Am Freitag in der Fr\u00fch wurde mit Unterst\u00fctzung eines Bergeunternehmens ein PKW aus einem Waldst\u00fcck neben der L453 Breitenbrunner Stra\u00dfe geborgen. Es wurde eine Verkehrsregelung eingerichtet und das Bergeunternehmen bei der Bergung unterst\u00fctzt. Eingesetzt waren 4 Mann mit LFB-A. \u00a0 \u00a0 \u00a0 \u00a0 \u00a0 \u00a0 \u00a0 \u00a0 \u00a0 \u00a0 \u00a0 \u00a0 \u00a0 \u00a0 \u00a0 \u00a0 \u00a0 \u00a0 \u00a0 \u00a0 \u00a0 \u00a0 \u00a0 \u00a0 \u00a0 \u00a0 \u00a0 \u00a0 \u00a0 \u00a0 \u00a0 \u00a0 \u00a0 \u00a0 \u00a0 \u00a0 \u00a0 \u00a0 \u00a0 \u00a0 <a href=\"https:\/\/ff-waldbach.at\/wordpress\/wp-content\/uploads\/2019\/11\/IMG_7403.jpg\"><img loading=\"lazy\" decoding=\"async\" class=\"aligncenter size-medium wp-image-2842\" alt=\"IMG_7403\" src=\"https:\/\/ff-waldbach.at\/wordpress\/wp-content\/uploads\/2019\/11\/IMG_7403-300x225.jpg\" width=\"300\" height=\"225\" srcset=\"https:\/\/ff-waldbach.at\/wordpress\/wp-content\/uploads\/2019\/11\/IMG_7403-300x225.jpg 300w, https:\/\/ff-waldbach.at\/wordpress\/wp-content\/uploads\/2019\/11\/IMG_7403.jpg 320w\" sizes=\"auto, (max-width: 300px) 100vw, 300px\" \/><\/a> <a href=\"https:\/\/ff-waldbach.at\/wordpress\/wp-content\/uploads\/2019\/11\/IMG_7404.jpg\"><img loading=\"lazy\" decoding=\"async\" class=\"aligncenter size-medium wp-image-2843\" alt=\"IMG_7404\" src=\"https:\/\/ff-waldbach.at\/wordpress\/wp-content\/uploads\/2019\/11\/IMG_7404-300x225.jpg\" width=\"300\" height=\"225\" srcset=\"https:\/\/ff-waldbach.at\/wordpress\/wp-content\/uploads\/2019\/11\/IMG_7404-300x225.jpg 300w, https:\/\/ff-waldbach.at\/wordpress\/wp-content\/uploads\/2019\/11\/IMG_7404.jpg 320w\" sizes=\"auto, (max-width: 300px) 100vw, 300px\" \/><\/a> <a href=\"https:\/\/ff-waldbach.at\/wordpress\/wp-content\/uploads\/2019\/11\/IMG_7405.jpg\"><img loading=\"lazy\" decoding=\"async\" class=\"aligncenter size-medium wp-image-2844\" alt=\"IMG_7405\" src=\"https:\/\/ff-waldbach.at\/wordpress\/wp-content\/uploads\/2019\/11\/IMG_7405-300x225.jpg\" width=\"300\" height=\"225\" srcset=\"https:\/\/ff-waldbach.at\/wordpress\/wp-content\/uploads\/2019\/11\/IMG_7405-300x225.jpg 300w, https:\/\/ff-waldbach.at\/wordpress\/wp-content\/uploads\/2019\/11\/IMG_7405.jpg 320w\" sizes=\"auto, (max-width: 300px) 100vw, 300px\" \/><\/a><\/p>\n<p>&nbsp;<\/p>\n<p>&nbsp;<\/p>\n","protected":false},"excerpt":{"rendered":"<p>Am Freitag in der Fr\u00fch wurde mit Unterst\u00fctzung eines Bergeunternehmens ein PKW aus einem Waldst\u00fcck neben der L453 Breitenbrunner Stra\u00dfe [&hellip;]<\/p>\n","protected":false},"author":1,"featured_media":0,"comment_status":"closed","ping_status":"closed","sticky":false,"template":"","format":"standard","meta":{"_coblocks_attr":"","_coblocks_dimensions":"","_coblocks_responsive_height":"","_coblocks_accordion_ie_support":"","footnotes":""},"categories":[2],"tags":[],"class_list":["post-2841","post","type-post","status-publish","format-standard","hentry","category-einsatz"],"_links":{"self":[{"href":"https:\/\/ff-waldbach.at\/wordpress\/index.php?rest_route=\/wp\/v2\/posts\/2841","targetHints":{"allow":["GET"]}}],"collection":[{"href":"https:\/\/ff-waldbach.at\/wordpress\/index.php?rest_route=\/wp\/v2\/posts"}],"about":[{"href":"https:\/\/ff-waldbach.at\/wordpress\/index.php?rest_route=\/wp\/v2\/types\/post"}],"author":[{"embeddable":true,"href":"https:\/\/ff-waldbach.at\/wordpress\/index.php?rest_route=\/wp\/v2\/users\/1"}],"replies":[{"embeddable":true,"href":"https:\/\/ff-waldbach.at\/wordpress\/index.php?rest_route=%2Fwp%2Fv2%2Fcomments&post=2841"}],"version-history":[{"count":1,"href":"https:\/\/ff-waldbach.at\/wordpress\/index.php?rest_route=\/wp\/v2\/posts\/2841\/revisions"}],"predecessor-version":[{"id":2845,"href":"https:\/\/ff-waldbach.at\/wordpress\/index.php?rest_route=\/wp\/v2\/posts\/2841\/revisions\/2845"}],"wp:attachment":[{"href":"https:\/\/ff-waldbach.at\/wordpress\/index.php?rest_route=%2Fwp%2Fv2%2Fmedia&parent=2841"}],"wp:term":[{"taxonomy":"category","embeddable":true,"href":"https:\/\/ff-waldbach.at\/wordpress\/index.php?rest_route=%2Fwp%2Fv2%2Fcategories&post=2841"},{"taxonomy":"post_tag","embeddable":true,"href":"https:\/\/ff-waldbach.at\/wordpress\/index.php?rest_route=%2Fwp%2Fv2%2Ftags&post=2841"}],"curies":[{"name":"wp","href":"https:\/\/api.w.org\/{rel}","templated":true}]}}