{"id":286,"date":"2013-12-21T16:12:01","date_gmt":"2013-12-21T14:12:01","guid":{"rendered":"http:\/\/ff-waldbach.at\/wordpress\/?p=286"},"modified":"2014-02-22T16:10:14","modified_gmt":"2014-02-22T14:10:14","slug":"das-neue-mannschaftstransportfahrzeug","status":"publish","type":"post","link":"https:\/\/ff-waldbach.at\/wordpress\/?p=286","title":{"rendered":"Das neue Mannschaftstransportfahrzeug"},"content":{"rendered":"<p>Dieses Fahrzeug ist nicht nur im Alarmfall au\u00dferordentlich bedeutend f\u00fcr unsere Feuerwehr. Es dient auch noch weiteren wichtigen Zwecken, unter anderem wird es verwendet f\u00fcr:<\/p>\n<ul>\n<li style=\"text-align: center;\">Den laufenden Schulungs- und Ausbildungsbetrieb<\/li>\n<li style=\"text-align: center;\">Die Nachwuchsausbildung<\/li>\n<li style=\"text-align: center;\">Die Bewerbsausbildung<\/li>\n<li style=\"text-align: center;\">Den Besuch von Kursen an der Landesfeuerwehrschule Steiermark<\/li>\n<li style=\"text-align: center;\">Den Besuch von sonstigen Schulungen im Abschnitt, Bezirk und Land<\/li>\n<li style=\"text-align: center;\">T\u00e4tigkeiten im Rahmen der Feuerbeschau<\/li>\n<li style=\"text-align: center;\">Diverse Besorgungs- bzw. Versorgungsfahrten und sonstige Mannschaftstransporte<\/li>\n<\/ul>\n<p style=\"text-align: left;\"><a href=\"https:\/\/ff-waldbach.at\/wordpress\/wp-content\/uploads\/2013\/12\/PICT00041.jpg\"><img loading=\"lazy\" decoding=\"async\" class=\"alignleft size-medium wp-image-287\" alt=\"KONICA MINOLTA DIGITAL CAMERA\" src=\"https:\/\/ff-waldbach.at\/wordpress\/wp-content\/uploads\/2013\/12\/PICT00041-300x199.jpg\" width=\"300\" height=\"199\" srcset=\"https:\/\/ff-waldbach.at\/wordpress\/wp-content\/uploads\/2013\/12\/PICT00041-300x199.jpg 300w, https:\/\/ff-waldbach.at\/wordpress\/wp-content\/uploads\/2013\/12\/PICT00041-450x300.jpg 450w, https:\/\/ff-waldbach.at\/wordpress\/wp-content\/uploads\/2013\/12\/PICT00041.jpg 640w\" sizes=\"auto, (max-width: 300px) 100vw, 300px\" \/><\/a><\/p>\n","protected":false},"excerpt":{"rendered":"<p>Dieses Fahrzeug ist nicht nur im Alarmfall au\u00dferordentlich bedeutend f\u00fcr unsere Feuerwehr. Es dient auch noch weiteren wichtigen Zwecken, unter [&hellip;]<\/p>\n","protected":false},"author":1,"featured_media":0,"comment_status":"closed","ping_status":"closed","sticky":false,"template":"","format":"standard","meta":{"_coblocks_attr":"","_coblocks_dimensions":"","_coblocks_responsive_height":"","_coblocks_accordion_ie_support":"","footnotes":""},"categories":[4],"tags":[],"class_list":["post-286","post","type-post","status-publish","format-standard","hentry","category-sonstiges"],"_links":{"self":[{"href":"https:\/\/ff-waldbach.at\/wordpress\/index.php?rest_route=\/wp\/v2\/posts\/286","targetHints":{"allow":["GET"]}}],"collection":[{"href":"https:\/\/ff-waldbach.at\/wordpress\/index.php?rest_route=\/wp\/v2\/posts"}],"about":[{"href":"https:\/\/ff-waldbach.at\/wordpress\/index.php?rest_route=\/wp\/v2\/types\/post"}],"author":[{"embeddable":true,"href":"https:\/\/ff-waldbach.at\/wordpress\/index.php?rest_route=\/wp\/v2\/users\/1"}],"replies":[{"embeddable":true,"href":"https:\/\/ff-waldbach.at\/wordpress\/index.php?rest_route=%2Fwp%2Fv2%2Fcomments&post=286"}],"version-history":[{"count":2,"href":"https:\/\/ff-waldbach.at\/wordpress\/index.php?rest_route=\/wp\/v2\/posts\/286\/revisions"}],"predecessor-version":[{"id":294,"href":"https:\/\/ff-waldbach.at\/wordpress\/index.php?rest_route=\/wp\/v2\/posts\/286\/revisions\/294"}],"wp:attachment":[{"href":"https:\/\/ff-waldbach.at\/wordpress\/index.php?rest_route=%2Fwp%2Fv2%2Fmedia&parent=286"}],"wp:term":[{"taxonomy":"category","embeddable":true,"href":"https:\/\/ff-waldbach.at\/wordpress\/index.php?rest_route=%2Fwp%2Fv2%2Fcategories&post=286"},{"taxonomy":"post_tag","embeddable":true,"href":"https:\/\/ff-waldbach.at\/wordpress\/index.php?rest_route=%2Fwp%2Fv2%2Ftags&post=286"}],"curies":[{"name":"wp","href":"https:\/\/api.w.org\/{rel}","templated":true}]}}