{"id":2893,"date":"2020-02-24T13:31:59","date_gmt":"2020-02-24T11:31:59","guid":{"rendered":"http:\/\/ff-waldbach.at\/wordpress\/?p=2893"},"modified":"2020-02-24T13:31:59","modified_gmt":"2020-02-24T11:31:59","slug":"sanitaeter-fortbildung-17-02-2020","status":"publish","type":"post","link":"https:\/\/ff-waldbach.at\/wordpress\/?p=2893","title":{"rendered":"Sanit\u00e4ter Fortbildung 17.02.2020"},"content":{"rendered":"<p style=\"text-align: justify;\">Am 17.02.2020 wurde die allj\u00e4hrliche Sanit\u00e4ter-Fortbildung durchgef\u00fchrt. In den folgenden Bildern sind die Kameradinnen und Kameraden bei den einzelnen \u00dcbungsstationen zu sehen.<a href=\"https:\/\/ff-waldbach.at\/wordpress\/wp-content\/uploads\/2020\/02\/2020_02_-e1582543792992.jpg\"><img loading=\"lazy\" decoding=\"async\" class=\"aligncenter size-medium wp-image-2897\" alt=\"2020_02_\" src=\"https:\/\/ff-waldbach.at\/wordpress\/wp-content\/uploads\/2020\/02\/2020_02_-e1582543792992-225x300.jpg\" width=\"225\" height=\"300\" srcset=\"https:\/\/ff-waldbach.at\/wordpress\/wp-content\/uploads\/2020\/02\/2020_02_-e1582543792992-225x300.jpg 225w, https:\/\/ff-waldbach.at\/wordpress\/wp-content\/uploads\/2020\/02\/2020_02_-e1582543792992-768x1024.jpg 768w\" sizes=\"auto, (max-width: 225px) 100vw, 225px\" \/><\/a> <a href=\"https:\/\/ff-waldbach.at\/wordpress\/wp-content\/uploads\/2020\/02\/3.jpg\"><img loading=\"lazy\" decoding=\"async\" class=\"aligncenter size-medium wp-image-2896\" alt=\"3\" src=\"https:\/\/ff-waldbach.at\/wordpress\/wp-content\/uploads\/2020\/02\/3-300x225.jpg\" width=\"300\" height=\"225\" srcset=\"https:\/\/ff-waldbach.at\/wordpress\/wp-content\/uploads\/2020\/02\/3-300x225.jpg 300w, https:\/\/ff-waldbach.at\/wordpress\/wp-content\/uploads\/2020\/02\/3-1024x768.jpg 1024w, https:\/\/ff-waldbach.at\/wordpress\/wp-content\/uploads\/2020\/02\/3-400x300.jpg 400w\" sizes=\"auto, (max-width: 300px) 100vw, 300px\" \/><\/a> <a href=\"https:\/\/ff-waldbach.at\/wordpress\/wp-content\/uploads\/2020\/02\/2.jpg\"><img loading=\"lazy\" decoding=\"async\" class=\"aligncenter size-medium wp-image-2895\" alt=\"2\" src=\"https:\/\/ff-waldbach.at\/wordpress\/wp-content\/uploads\/2020\/02\/2-300x225.jpg\" width=\"300\" height=\"225\" srcset=\"https:\/\/ff-waldbach.at\/wordpress\/wp-content\/uploads\/2020\/02\/2-300x225.jpg 300w, https:\/\/ff-waldbach.at\/wordpress\/wp-content\/uploads\/2020\/02\/2-1024x768.jpg 1024w, https:\/\/ff-waldbach.at\/wordpress\/wp-content\/uploads\/2020\/02\/2-400x300.jpg 400w\" sizes=\"auto, (max-width: 300px) 100vw, 300px\" \/><\/a> <a href=\"https:\/\/ff-waldbach.at\/wordpress\/wp-content\/uploads\/2020\/02\/1-e1582543763251.jpg\"><img loading=\"lazy\" decoding=\"async\" class=\"aligncenter size-medium wp-image-2894\" alt=\"1\" src=\"https:\/\/ff-waldbach.at\/wordpress\/wp-content\/uploads\/2020\/02\/1-e1582543763251-225x300.jpg\" width=\"225\" height=\"300\" srcset=\"https:\/\/ff-waldbach.at\/wordpress\/wp-content\/uploads\/2020\/02\/1-e1582543763251-225x300.jpg 225w, https:\/\/ff-waldbach.at\/wordpress\/wp-content\/uploads\/2020\/02\/1-e1582543763251-768x1024.jpg 768w\" sizes=\"auto, (max-width: 225px) 100vw, 225px\" \/><\/a><\/p>\n","protected":false},"excerpt":{"rendered":"<p>Am 17.02.2020 wurde die allj\u00e4hrliche Sanit\u00e4ter-Fortbildung durchgef\u00fchrt. In den folgenden Bildern sind die Kameradinnen und Kameraden bei den einzelnen \u00dcbungsstationen [&hellip;]<\/p>\n","protected":false},"author":1,"featured_media":0,"comment_status":"closed","ping_status":"closed","sticky":true,"template":"","format":"standard","meta":{"_coblocks_attr":"","_coblocks_dimensions":"","_coblocks_responsive_height":"","_coblocks_accordion_ie_support":"","footnotes":""},"categories":[6],"tags":[],"class_list":["post-2893","post","type-post","status-publish","format-standard","hentry","category-uebungen"],"_links":{"self":[{"href":"https:\/\/ff-waldbach.at\/wordpress\/index.php?rest_route=\/wp\/v2\/posts\/2893","targetHints":{"allow":["GET"]}}],"collection":[{"href":"https:\/\/ff-waldbach.at\/wordpress\/index.php?rest_route=\/wp\/v2\/posts"}],"about":[{"href":"https:\/\/ff-waldbach.at\/wordpress\/index.php?rest_route=\/wp\/v2\/types\/post"}],"author":[{"embeddable":true,"href":"https:\/\/ff-waldbach.at\/wordpress\/index.php?rest_route=\/wp\/v2\/users\/1"}],"replies":[{"embeddable":true,"href":"https:\/\/ff-waldbach.at\/wordpress\/index.php?rest_route=%2Fwp%2Fv2%2Fcomments&post=2893"}],"version-history":[{"count":1,"href":"https:\/\/ff-waldbach.at\/wordpress\/index.php?rest_route=\/wp\/v2\/posts\/2893\/revisions"}],"predecessor-version":[{"id":2898,"href":"https:\/\/ff-waldbach.at\/wordpress\/index.php?rest_route=\/wp\/v2\/posts\/2893\/revisions\/2898"}],"wp:attachment":[{"href":"https:\/\/ff-waldbach.at\/wordpress\/index.php?rest_route=%2Fwp%2Fv2%2Fmedia&parent=2893"}],"wp:term":[{"taxonomy":"category","embeddable":true,"href":"https:\/\/ff-waldbach.at\/wordpress\/index.php?rest_route=%2Fwp%2Fv2%2Fcategories&post=2893"},{"taxonomy":"post_tag","embeddable":true,"href":"https:\/\/ff-waldbach.at\/wordpress\/index.php?rest_route=%2Fwp%2Fv2%2Ftags&post=2893"}],"curies":[{"name":"wp","href":"https:\/\/api.w.org\/{rel}","templated":true}]}}