{"id":315,"date":"2013-12-23T17:08:52","date_gmt":"2013-12-23T15:08:52","guid":{"rendered":"http:\/\/ff-waldbach.at\/wordpress\/?p=315"},"modified":"2014-02-22T16:11:26","modified_gmt":"2014-02-22T14:11:26","slug":"entzuendung-des-23-adventfensters","status":"publish","type":"post","link":"https:\/\/ff-waldbach.at\/wordpress\/?p=315","title":{"rendered":"Entz\u00fcndung des 23. Adventfensters"},"content":{"rendered":"<p>Am 23.12.2013 wurde das 23. Adventfenster beim R\u00fcsthaus entz\u00fcndet.<\/p>\n<p>Gestaltet wurde das Fenster von Aloisia und Walter Kernbichler sen.<\/p>\n<p>Nachdem das Adventfenster entz\u00fcndet war verbrachten die Feuerwehrkameraden mit ihren Frauen ein paar gem\u00fctliche Stunden bei Gl\u00fchwein, Tee und Mehlspeise.<\/p>\n<p><a href=\"https:\/\/ff-waldbach.at\/wordpress\/wp-content\/uploads\/2013\/12\/PICT00081.jpg\"><img loading=\"lazy\" decoding=\"async\" class=\"alignleft size-medium wp-image-317\" alt=\"KONICA MINOLTA DIGITAL CAMERA\" src=\"https:\/\/ff-waldbach.at\/wordpress\/wp-content\/uploads\/2013\/12\/PICT00081-300x199.jpg\" width=\"300\" height=\"199\" srcset=\"https:\/\/ff-waldbach.at\/wordpress\/wp-content\/uploads\/2013\/12\/PICT00081-300x199.jpg 300w, https:\/\/ff-waldbach.at\/wordpress\/wp-content\/uploads\/2013\/12\/PICT00081-450x300.jpg 450w, https:\/\/ff-waldbach.at\/wordpress\/wp-content\/uploads\/2013\/12\/PICT00081.jpg 640w\" sizes=\"auto, (max-width: 300px) 100vw, 300px\" \/><\/a> <a href=\"https:\/\/ff-waldbach.at\/wordpress\/wp-content\/uploads\/2013\/12\/PICT0010.jpg\"><img loading=\"lazy\" decoding=\"async\" class=\"alignleft size-medium wp-image-318\" alt=\"KONICA MINOLTA DIGITAL CAMERA\" src=\"https:\/\/ff-waldbach.at\/wordpress\/wp-content\/uploads\/2013\/12\/PICT0010-300x199.jpg\" width=\"300\" height=\"199\" srcset=\"https:\/\/ff-waldbach.at\/wordpress\/wp-content\/uploads\/2013\/12\/PICT0010-300x199.jpg 300w, https:\/\/ff-waldbach.at\/wordpress\/wp-content\/uploads\/2013\/12\/PICT0010-450x300.jpg 450w, https:\/\/ff-waldbach.at\/wordpress\/wp-content\/uploads\/2013\/12\/PICT0010.jpg 640w\" sizes=\"auto, (max-width: 300px) 100vw, 300px\" \/><\/a> <a href=\"https:\/\/ff-waldbach.at\/wordpress\/wp-content\/uploads\/2013\/12\/PICT0013.jpg\"><img loading=\"lazy\" decoding=\"async\" class=\"alignleft size-medium wp-image-319\" alt=\"KONICA MINOLTA DIGITAL CAMERA\" src=\"https:\/\/ff-waldbach.at\/wordpress\/wp-content\/uploads\/2013\/12\/PICT0013-300x199.jpg\" width=\"300\" height=\"199\" srcset=\"https:\/\/ff-waldbach.at\/wordpress\/wp-content\/uploads\/2013\/12\/PICT0013-300x199.jpg 300w, https:\/\/ff-waldbach.at\/wordpress\/wp-content\/uploads\/2013\/12\/PICT0013-450x300.jpg 450w, https:\/\/ff-waldbach.at\/wordpress\/wp-content\/uploads\/2013\/12\/PICT0013.jpg 640w\" sizes=\"auto, (max-width: 300px) 100vw, 300px\" \/><\/a> <a href=\"https:\/\/ff-waldbach.at\/wordpress\/wp-content\/uploads\/2013\/12\/PICT0028.jpg\"><img loading=\"lazy\" decoding=\"async\" class=\"alignleft size-medium wp-image-321\" alt=\"KONICA MINOLTA DIGITAL CAMERA\" src=\"https:\/\/ff-waldbach.at\/wordpress\/wp-content\/uploads\/2013\/12\/PICT0028-300x199.jpg\" width=\"300\" height=\"199\" srcset=\"https:\/\/ff-waldbach.at\/wordpress\/wp-content\/uploads\/2013\/12\/PICT0028-300x199.jpg 300w, https:\/\/ff-waldbach.at\/wordpress\/wp-content\/uploads\/2013\/12\/PICT0028-450x300.jpg 450w, https:\/\/ff-waldbach.at\/wordpress\/wp-content\/uploads\/2013\/12\/PICT0028.jpg 640w\" sizes=\"auto, (max-width: 300px) 100vw, 300px\" \/><\/a> <a href=\"https:\/\/ff-waldbach.at\/wordpress\/wp-content\/uploads\/2013\/12\/PICT0027.jpg\"><img loading=\"lazy\" decoding=\"async\" class=\"alignleft size-medium wp-image-320\" alt=\"KONICA MINOLTA DIGITAL CAMERA\" src=\"https:\/\/ff-waldbach.at\/wordpress\/wp-content\/uploads\/2013\/12\/PICT0027-300x199.jpg\" width=\"300\" height=\"199\" srcset=\"https:\/\/ff-waldbach.at\/wordpress\/wp-content\/uploads\/2013\/12\/PICT0027-300x199.jpg 300w, https:\/\/ff-waldbach.at\/wordpress\/wp-content\/uploads\/2013\/12\/PICT0027-450x300.jpg 450w, https:\/\/ff-waldbach.at\/wordpress\/wp-content\/uploads\/2013\/12\/PICT0027.jpg 640w\" sizes=\"auto, (max-width: 300px) 100vw, 300px\" \/><\/a><\/p>\n<p>&nbsp;<\/p>\n","protected":false},"excerpt":{"rendered":"<p>Am 23.12.2013 wurde das 23. Adventfenster beim R\u00fcsthaus entz\u00fcndet. Gestaltet wurde das Fenster von Aloisia und Walter Kernbichler sen. Nachdem [&hellip;]<\/p>\n","protected":false},"author":1,"featured_media":0,"comment_status":"closed","ping_status":"closed","sticky":false,"template":"","format":"standard","meta":{"_coblocks_attr":"","_coblocks_dimensions":"","_coblocks_responsive_height":"","_coblocks_accordion_ie_support":"","footnotes":""},"categories":[4],"tags":[],"class_list":["post-315","post","type-post","status-publish","format-standard","hentry","category-sonstiges"],"_links":{"self":[{"href":"https:\/\/ff-waldbach.at\/wordpress\/index.php?rest_route=\/wp\/v2\/posts\/315","targetHints":{"allow":["GET"]}}],"collection":[{"href":"https:\/\/ff-waldbach.at\/wordpress\/index.php?rest_route=\/wp\/v2\/posts"}],"about":[{"href":"https:\/\/ff-waldbach.at\/wordpress\/index.php?rest_route=\/wp\/v2\/types\/post"}],"author":[{"embeddable":true,"href":"https:\/\/ff-waldbach.at\/wordpress\/index.php?rest_route=\/wp\/v2\/users\/1"}],"replies":[{"embeddable":true,"href":"https:\/\/ff-waldbach.at\/wordpress\/index.php?rest_route=%2Fwp%2Fv2%2Fcomments&post=315"}],"version-history":[{"count":1,"href":"https:\/\/ff-waldbach.at\/wordpress\/index.php?rest_route=\/wp\/v2\/posts\/315\/revisions"}],"predecessor-version":[{"id":325,"href":"https:\/\/ff-waldbach.at\/wordpress\/index.php?rest_route=\/wp\/v2\/posts\/315\/revisions\/325"}],"wp:attachment":[{"href":"https:\/\/ff-waldbach.at\/wordpress\/index.php?rest_route=%2Fwp%2Fv2%2Fmedia&parent=315"}],"wp:term":[{"taxonomy":"category","embeddable":true,"href":"https:\/\/ff-waldbach.at\/wordpress\/index.php?rest_route=%2Fwp%2Fv2%2Fcategories&post=315"},{"taxonomy":"post_tag","embeddable":true,"href":"https:\/\/ff-waldbach.at\/wordpress\/index.php?rest_route=%2Fwp%2Fv2%2Ftags&post=315"}],"curies":[{"name":"wp","href":"https:\/\/api.w.org\/{rel}","templated":true}]}}