{"id":4224,"date":"2026-03-17T15:29:28","date_gmt":"2026-03-17T13:29:28","guid":{"rendered":"https:\/\/ff-waldbach.at\/wordpress\/?p=4224"},"modified":"2026-03-17T15:29:43","modified_gmt":"2026-03-17T13:29:43","slug":"wehrversammlung-2026","status":"publish","type":"post","link":"https:\/\/ff-waldbach.at\/wordpress\/?p=4224","title":{"rendered":"Wehrversammlung 2026"},"content":{"rendered":"<p>Am 07.03.2026 fand die allj\u00e4hrliche Wehrversammlung im Gasthaus Hold in Waldbach statt.<\/p>\n<p>HBI Michaela Gaugl er\u00f6ffnete die Versammlung und\u00a0 begr\u00fc\u00dfte die Ehreng\u00e4ste; B\u00fcrgermeister Stefan Hold, BR Johann Hierzer \u2013 Bereichsfeuerwehrkommandantstellverstreter, ABI Markus Allmer- Abschnittsfeuerwehrkommandant und Thomas Gremsl und Sieglinde Zingl \u2013 Rotes Kreuz, Orststelle Vorau<\/p>\n<p>Nach Feststellung der Beschlussf\u00e4higkeit berichtete HBI Gaugl \u00fcber das vergangene Jahr 2025.<br \/>\nBesonders erfreulich: im Jahr 2026 wurde bereits eine M\u00e4dchen in die Feuerwehrjugend aufgenommen.<br \/>\nIm Anschluss konnten einige Ehrungen und Bef\u00f6rderungen durchgef\u00fchrt werden.<br \/>\nAbgeschlossen wurde die Wehrversammlung mit den Gru\u00dfworten der Ehreng\u00e4ste.<\/p>\n<p>&nbsp;<\/p>\n<p><a href=\"https:\/\/ff-waldbach.at\/wordpress\/wp-content\/uploads\/2026\/03\/40A4581-scaled.jpg\"><img loading=\"lazy\" decoding=\"async\" class=\"alignright size-medium wp-image-4225\" src=\"https:\/\/ff-waldbach.at\/wordpress\/wp-content\/uploads\/2026\/03\/40A4581-300x200.jpg\" alt=\"\" width=\"300\" height=\"200\" srcset=\"https:\/\/ff-waldbach.at\/wordpress\/wp-content\/uploads\/2026\/03\/40A4581-300x200.jpg 300w, https:\/\/ff-waldbach.at\/wordpress\/wp-content\/uploads\/2026\/03\/40A4581-1024x683.jpg 1024w, https:\/\/ff-waldbach.at\/wordpress\/wp-content\/uploads\/2026\/03\/40A4581-768x512.jpg 768w, https:\/\/ff-waldbach.at\/wordpress\/wp-content\/uploads\/2026\/03\/40A4581-1536x1024.jpg 1536w, https:\/\/ff-waldbach.at\/wordpress\/wp-content\/uploads\/2026\/03\/40A4581-2048x1365.jpg 2048w, https:\/\/ff-waldbach.at\/wordpress\/wp-content\/uploads\/2026\/03\/40A4581-272x182.jpg 272w\" sizes=\"auto, (max-width: 300px) 100vw, 300px\" \/><\/a> <a href=\"https:\/\/ff-waldbach.at\/wordpress\/wp-content\/uploads\/2026\/03\/40A4585-scaled.jpg\"><img loading=\"lazy\" decoding=\"async\" class=\"alignright size-medium wp-image-4226\" src=\"https:\/\/ff-waldbach.at\/wordpress\/wp-content\/uploads\/2026\/03\/40A4585-300x200.jpg\" alt=\"\" width=\"300\" height=\"200\" srcset=\"https:\/\/ff-waldbach.at\/wordpress\/wp-content\/uploads\/2026\/03\/40A4585-300x200.jpg 300w, https:\/\/ff-waldbach.at\/wordpress\/wp-content\/uploads\/2026\/03\/40A4585-1024x683.jpg 1024w, https:\/\/ff-waldbach.at\/wordpress\/wp-content\/uploads\/2026\/03\/40A4585-768x512.jpg 768w, https:\/\/ff-waldbach.at\/wordpress\/wp-content\/uploads\/2026\/03\/40A4585-1536x1024.jpg 1536w, https:\/\/ff-waldbach.at\/wordpress\/wp-content\/uploads\/2026\/03\/40A4585-2048x1365.jpg 2048w, https:\/\/ff-waldbach.at\/wordpress\/wp-content\/uploads\/2026\/03\/40A4585-272x182.jpg 272w\" sizes=\"auto, (max-width: 300px) 100vw, 300px\" \/><\/a> <a href=\"https:\/\/ff-waldbach.at\/wordpress\/wp-content\/uploads\/2026\/03\/40A4592-scaled.jpg\"><img loading=\"lazy\" decoding=\"async\" class=\"alignright size-medium wp-image-4227\" src=\"https:\/\/ff-waldbach.at\/wordpress\/wp-content\/uploads\/2026\/03\/40A4592-300x200.jpg\" alt=\"\" width=\"300\" height=\"200\" srcset=\"https:\/\/ff-waldbach.at\/wordpress\/wp-content\/uploads\/2026\/03\/40A4592-300x200.jpg 300w, https:\/\/ff-waldbach.at\/wordpress\/wp-content\/uploads\/2026\/03\/40A4592-1024x683.jpg 1024w, https:\/\/ff-waldbach.at\/wordpress\/wp-content\/uploads\/2026\/03\/40A4592-768x512.jpg 768w, https:\/\/ff-waldbach.at\/wordpress\/wp-content\/uploads\/2026\/03\/40A4592-1536x1024.jpg 1536w, https:\/\/ff-waldbach.at\/wordpress\/wp-content\/uploads\/2026\/03\/40A4592-2048x1365.jpg 2048w, https:\/\/ff-waldbach.at\/wordpress\/wp-content\/uploads\/2026\/03\/40A4592-272x182.jpg 272w\" sizes=\"auto, (max-width: 300px) 100vw, 300px\" \/><\/a> <a href=\"https:\/\/ff-waldbach.at\/wordpress\/wp-content\/uploads\/2026\/03\/40A4593-scaled.jpg\"><img loading=\"lazy\" decoding=\"async\" class=\"alignright size-medium wp-image-4228\" src=\"https:\/\/ff-waldbach.at\/wordpress\/wp-content\/uploads\/2026\/03\/40A4593-300x200.jpg\" alt=\"\" width=\"300\" height=\"200\" srcset=\"https:\/\/ff-waldbach.at\/wordpress\/wp-content\/uploads\/2026\/03\/40A4593-300x200.jpg 300w, https:\/\/ff-waldbach.at\/wordpress\/wp-content\/uploads\/2026\/03\/40A4593-1024x683.jpg 1024w, https:\/\/ff-waldbach.at\/wordpress\/wp-content\/uploads\/2026\/03\/40A4593-768x512.jpg 768w, https:\/\/ff-waldbach.at\/wordpress\/wp-content\/uploads\/2026\/03\/40A4593-1536x1024.jpg 1536w, https:\/\/ff-waldbach.at\/wordpress\/wp-content\/uploads\/2026\/03\/40A4593-2048x1365.jpg 2048w, https:\/\/ff-waldbach.at\/wordpress\/wp-content\/uploads\/2026\/03\/40A4593-272x182.jpg 272w\" sizes=\"auto, (max-width: 300px) 100vw, 300px\" \/><\/a> <a href=\"https:\/\/ff-waldbach.at\/wordpress\/wp-content\/uploads\/2026\/03\/40A4595-scaled.jpg\"><img loading=\"lazy\" decoding=\"async\" class=\"alignright size-medium wp-image-4229\" src=\"https:\/\/ff-waldbach.at\/wordpress\/wp-content\/uploads\/2026\/03\/40A4595-300x200.jpg\" alt=\"\" width=\"300\" height=\"200\" srcset=\"https:\/\/ff-waldbach.at\/wordpress\/wp-content\/uploads\/2026\/03\/40A4595-300x200.jpg 300w, https:\/\/ff-waldbach.at\/wordpress\/wp-content\/uploads\/2026\/03\/40A4595-1024x683.jpg 1024w, https:\/\/ff-waldbach.at\/wordpress\/wp-content\/uploads\/2026\/03\/40A4595-768x512.jpg 768w, https:\/\/ff-waldbach.at\/wordpress\/wp-content\/uploads\/2026\/03\/40A4595-1536x1024.jpg 1536w, https:\/\/ff-waldbach.at\/wordpress\/wp-content\/uploads\/2026\/03\/40A4595-2048x1365.jpg 2048w, https:\/\/ff-waldbach.at\/wordpress\/wp-content\/uploads\/2026\/03\/40A4595-272x182.jpg 272w\" sizes=\"auto, (max-width: 300px) 100vw, 300px\" \/><\/a><\/p>\n","protected":false},"excerpt":{"rendered":"<p>Am 07.03.2026 fand die allj\u00e4hrliche Wehrversammlung im Gasthaus Hold in Waldbach statt. HBI Michaela Gaugl er\u00f6ffnete die Versammlung und\u00a0 begr\u00fc\u00dfte [&hellip;]<\/p>\n","protected":false},"author":1,"featured_media":4227,"comment_status":"closed","ping_status":"closed","sticky":true,"template":"","format":"standard","meta":{"_coblocks_attr":"","_coblocks_dimensions":"","_coblocks_responsive_height":"","_coblocks_accordion_ie_support":"","footnotes":""},"categories":[1],"tags":[],"class_list":{"0":"post-4224","1":"post","2":"type-post","3":"status-publish","4":"format-standard","5":"has-post-thumbnail","6":"hentry","7":"category-allgemein","9":"post-with-thumbnail","10":"post-with-thumbnail-icon"},"_links":{"self":[{"href":"https:\/\/ff-waldbach.at\/wordpress\/index.php?rest_route=\/wp\/v2\/posts\/4224","targetHints":{"allow":["GET"]}}],"collection":[{"href":"https:\/\/ff-waldbach.at\/wordpress\/index.php?rest_route=\/wp\/v2\/posts"}],"about":[{"href":"https:\/\/ff-waldbach.at\/wordpress\/index.php?rest_route=\/wp\/v2\/types\/post"}],"author":[{"embeddable":true,"href":"https:\/\/ff-waldbach.at\/wordpress\/index.php?rest_route=\/wp\/v2\/users\/1"}],"replies":[{"embeddable":true,"href":"https:\/\/ff-waldbach.at\/wordpress\/index.php?rest_route=%2Fwp%2Fv2%2Fcomments&post=4224"}],"version-history":[{"count":1,"href":"https:\/\/ff-waldbach.at\/wordpress\/index.php?rest_route=\/wp\/v2\/posts\/4224\/revisions"}],"predecessor-version":[{"id":4230,"href":"https:\/\/ff-waldbach.at\/wordpress\/index.php?rest_route=\/wp\/v2\/posts\/4224\/revisions\/4230"}],"wp:featuredmedia":[{"embeddable":true,"href":"https:\/\/ff-waldbach.at\/wordpress\/index.php?rest_route=\/wp\/v2\/media\/4227"}],"wp:attachment":[{"href":"https:\/\/ff-waldbach.at\/wordpress\/index.php?rest_route=%2Fwp%2Fv2%2Fmedia&parent=4224"}],"wp:term":[{"taxonomy":"category","embeddable":true,"href":"https:\/\/ff-waldbach.at\/wordpress\/index.php?rest_route=%2Fwp%2Fv2%2Fcategories&post=4224"},{"taxonomy":"post_tag","embeddable":true,"href":"https:\/\/ff-waldbach.at\/wordpress\/index.php?rest_route=%2Fwp%2Fv2%2Ftags&post=4224"}],"curies":[{"name":"wp","href":"https:\/\/api.w.org\/{rel}","templated":true}]}}