{"id":4255,"date":"2026-04-28T15:52:34","date_gmt":"2026-04-28T13:52:34","guid":{"rendered":"https:\/\/ff-waldbach.at\/wordpress\/?p=4255"},"modified":"2026-04-28T15:53:16","modified_gmt":"2026-04-28T13:53:16","slug":"4255","status":"publish","type":"post","link":"https:\/\/ff-waldbach.at\/wordpress\/?p=4255","title":{"rendered":"KHD Einsatz in Eisbach-Rein"},"content":{"rendered":"<p>PRESSEAUSSENDUNG<\/p>\n<p>Gro\u00dfer Waldbrand in Graz-Umgebung<\/p>\n<p>KHD-Einsatz f\u00fcr den Waldbrandzug I des Bereichsfeuerwehrverbandes Hartberg<\/p>\n<p>Seit Samstag, dem 25. April 2026, w\u00fctet im Bereich des M\u00fchlbachkogels in Eisbach-Rein ein gro\u00dffl\u00e4chiger Waldbrand. W\u00e4hrend in der Anfangsphase noch eine Fl\u00e4che von rund sieben Hektar betroffen war, breiteten sich die Flammen aufgrund anhaltender sowie teils wechselnder Windverh\u00e4ltnisse rasch weiter aus.<\/p>\n<p>Seit Beginn des Einsatzes stehen Feuerwehren aus dem Bereichsfeuerwehrverband Graz-Umgebung sowie aus weiteren steirischen Feuerwehrbereichen im Dauereinsatz. Zus\u00e4tzlich unterst\u00fctzen mehrere Hubschrauber die Brandbek\u00e4mpfung aus der Luft.<\/p>\n<p>Fr\u00fchzeitige Abstimmung und Alarmierung des BFV Hartberg<\/p>\n<p>Bereits in der Fr\u00fchphase des Gro\u00dfbrandes standen Bereichsfeuerwehrkommandant LFR Thomas Gruber sowie KHD-Kommandant ABI Andreas Fuchs in engem Kontakt mit der \u00f6rtlichen Einsatzleitung, um m\u00f6gliche Unterst\u00fctzungsma\u00dfnahmen durch den Bereichsfeuerwehrverband Hartberg abzustimmen.<\/p>\n<p>Am Sonntagnachmittag erfolgte schlie\u00dflich die Anforderung zus\u00e4tzlicher Kr\u00e4fte, woraufhin der Einsatz des Waldbrandzuges I der KHD47-Bereitschaft f\u00fcr Montag, den 28. April 2026, angesetzt wurde.<\/p>\n<p>FF P\u00f6llau bereits seit Sonntag im Unterst\u00fctzungseinsatz<\/p>\n<p>Bereits seit Sonntag steht auch die Freiwillige Feuerwehr P\u00f6llau mit dem Wechselladerfahrzeug samt 14.000 Liter fassendem Wassertank im Einsatzgebiet.<\/p>\n<p>Die Aufgabe der Mannschaft besteht in der Sicherstellung und Unterst\u00fctzung der L\u00f6schwasserversorgung \u2013 ein wesentlicher Bestandteil bei der Bek\u00e4mpfung des gro\u00dffl\u00e4chigen Waldbrandes. Das Fahrzeug war bereits den gesamten Sonntag sowie<\/p>\n<p>am Montag im Einsatz und wird auch an den darauffolgenden Tagen weiterhin eingesetzt.<\/p>\n<p>Um die hohe Einsatzbereitschaft dauerhaft aufrechterhalten zu k\u00f6nnen, erfolgt die Besetzung t\u00e4glich mit neu eingeteilten Mannschaften.<\/p>\n<p>Sammeln in den Morgenstunden \u2013 Abmarsch ins Einsatzgebiet<\/p>\n<p>Bereits um 04:00 Uhr fr\u00fch versammelten sich die Einsatzkr\u00e4fte des Waldbrandzuges I unter Zugskommandant ABI Markus Allmer beim Sammelplatz im R\u00fcsthaus Rohrbach an der Lafnitz, um geschlossen in das Einsatzgebiet auszur\u00fccken.<\/p>\n<p>Nach der Ankunft beim Stift Rein gegen 06:00 Uhr wurde der Einsatzbefehl an die freiwilligen Helfer aus dem Bereich Hartberg erteilt. Vor Beginn der Arbeiten spendete Abt Philipp den Einsatzkr\u00e4ften den kirchlichen Segen und bat um eine unfallfreie R\u00fcckkehr aller Feuerwehrmitglieder.<\/p>\n<p>L\u00f6scharbeiten im steilen Gel\u00e4nde unter schwierigsten Bedingungen<\/p>\n<p>Die Hauptaufgabe der eingesetzten Kr\u00e4fte bestand in umfangreichen L\u00f6scharbeiten entlang des Bergkammes sowie dem gezielten Abl\u00f6schen zahlreicher Glutnester. Die L\u00f6schwasserversorgung erfolgte mittels Tankl\u00f6schfahrzeugen innerhalb des Waldbrandzuges. Insgesamt wurden rund 100.000 Liter L\u00f6schwasser von einer \u00dcbergabestelle zu den Brandstellen transportiert.<\/p>\n<p>Neben dem steilen und unwegsamen Gel\u00e4nde stellte vor allem die enorme Hitze eine gro\u00dfe Herausforderung f\u00fcr die Mannschaft dar. Unterst\u00fctzt wurden die Feuerwehren durch mehrere Hubschrauber, welche sowohl bei der Brandbek\u00e4mpfung als auch beim Material- und Versorgungsnachschub eingesetzt wurden.<\/p>\n<p>Im schwierigen Gel\u00e4nde kamen zudem speziell ausger\u00fcstete Einsatzkr\u00e4fte mit MRAS-Ausr\u00fcstung zum Einsatz. Gemeinsam mit der Bergrettung sowie Flughelfern wurden L\u00f6schma\u00dfnahmen koordiniert und Hubschrauber sicher eingewiesen.<\/p>\n<p>Zw\u00f6lf Stunden im Einsatz<\/p>\n<p>Nach rund zw\u00f6lf Stunden im fordernden Dauereinsatz konnte der Einsatz des Waldbrandzuges I des Bereichsfeuerwehrverbandes Hartberg gegen 18:00 Uhr beendet werden. Nach den notwendigen Aufr\u00e4umarbeiten traten die Kr\u00e4fte wieder die Heimreise in ihre jeweiligen Feuerwehren an.<\/p>\n<p>Neun Feuerwehren aus dem Bezirk Hartberg im Einsatz<\/p>\n<p>Insgesamt standen &#8211; im Waldbrandzug I &#8211; acht Feuerwehren des Bereichsfeuerwehrverbandes Hartberg mit sechs Fahrzeugen und 29 Feuerwehrmitgliedern im Einsatz:<\/p>\n<p>\u2022 FF Eichberg<\/p>\n<p>\u2022 FF Vorau<\/p>\n<p>\u2022 FF M\u00f6nichwald<\/p>\n<p>\u2022 FF Waldbach<\/p>\n<p>\u2022 FF Rohrbach an der Lafnitz<\/p>\n<p>\u2022 FF St. Lorenzen am Wechsel<\/p>\n<p>\u2022 FF St. Jakob im Walde<\/p>\n<p>\u2022 FF Wenigzell<\/p>\n<p>Die FF P\u00f6llau ist weiterhin im Einsatz.<\/p>\n<p>Dank an alle eingesetzten Kr\u00e4fte<\/p>\n<p>Der Bereichsfeuerwehrverband Hartberg bedankt sich bei allen eingesetzten Feuerwehrmitgliedern f\u00fcr ihre hohe Einsatzbereitschaft, ihre professionelle Arbeit sowie die kameradschaftliche Unterst\u00fctzung unter schwierigsten Bedingungen.<\/p>\n<p>Ein besonderer Dank gilt auch den Familien und Arbeitgebern der Einsatzkr\u00e4fte f\u00fcr ihr Verst\u00e4ndnis und ihre Unterst\u00fctzung, die solche \u00fcber\u00f6rtlichen Hilfeleistungen erst m\u00f6glich machen.<\/p>\n<p>Bericht: HBI d.V. DDI Hans Peter Feichtinger<\/p>\n<p>Fotos: Pressedienst BFVH<a href=\"https:\/\/ff-waldbach.at\/wordpress\/wp-content\/uploads\/2026\/04\/54.jpg\"><img loading=\"lazy\" decoding=\"async\" class=\"alignright size-medium wp-image-4256\" src=\"https:\/\/ff-waldbach.at\/wordpress\/wp-content\/uploads\/2026\/04\/54-300x225.jpg\" alt=\"\" width=\"300\" height=\"225\" srcset=\"https:\/\/ff-waldbach.at\/wordpress\/wp-content\/uploads\/2026\/04\/54-300x225.jpg 300w, https:\/\/ff-waldbach.at\/wordpress\/wp-content\/uploads\/2026\/04\/54-1024x768.jpg 1024w, https:\/\/ff-waldbach.at\/wordpress\/wp-content\/uploads\/2026\/04\/54-768x576.jpg 768w, https:\/\/ff-waldbach.at\/wordpress\/wp-content\/uploads\/2026\/04\/54-1536x1152.jpg 1536w, https:\/\/ff-waldbach.at\/wordpress\/wp-content\/uploads\/2026\/04\/54.jpg 1600w\" sizes=\"auto, (max-width: 300px) 100vw, 300px\" \/><\/a><\/p>\n","protected":false},"excerpt":{"rendered":"<p>PRESSEAUSSENDUNG Gro\u00dfer Waldbrand in Graz-Umgebung KHD-Einsatz f\u00fcr den Waldbrandzug I des Bereichsfeuerwehrverbandes Hartberg Seit Samstag, dem 25. April 2026, w\u00fctet [&hellip;]<\/p>\n","protected":false},"author":1,"featured_media":4256,"comment_status":"closed","ping_status":"closed","sticky":true,"template":"","format":"standard","meta":{"_coblocks_attr":"","_coblocks_dimensions":"","_coblocks_responsive_height":"","_coblocks_accordion_ie_support":"","footnotes":""},"categories":[2],"tags":[],"class_list":{"0":"post-4255","1":"post","2":"type-post","3":"status-publish","4":"format-standard","5":"has-post-thumbnail","6":"hentry","7":"category-einsatz","9":"post-with-thumbnail","10":"post-with-thumbnail-icon"},"_links":{"self":[{"href":"https:\/\/ff-waldbach.at\/wordpress\/index.php?rest_route=\/wp\/v2\/posts\/4255","targetHints":{"allow":["GET"]}}],"collection":[{"href":"https:\/\/ff-waldbach.at\/wordpress\/index.php?rest_route=\/wp\/v2\/posts"}],"about":[{"href":"https:\/\/ff-waldbach.at\/wordpress\/index.php?rest_route=\/wp\/v2\/types\/post"}],"author":[{"embeddable":true,"href":"https:\/\/ff-waldbach.at\/wordpress\/index.php?rest_route=\/wp\/v2\/users\/1"}],"replies":[{"embeddable":true,"href":"https:\/\/ff-waldbach.at\/wordpress\/index.php?rest_route=%2Fwp%2Fv2%2Fcomments&post=4255"}],"version-history":[{"count":2,"href":"https:\/\/ff-waldbach.at\/wordpress\/index.php?rest_route=\/wp\/v2\/posts\/4255\/revisions"}],"predecessor-version":[{"id":4258,"href":"https:\/\/ff-waldbach.at\/wordpress\/index.php?rest_route=\/wp\/v2\/posts\/4255\/revisions\/4258"}],"wp:featuredmedia":[{"embeddable":true,"href":"https:\/\/ff-waldbach.at\/wordpress\/index.php?rest_route=\/wp\/v2\/media\/4256"}],"wp:attachment":[{"href":"https:\/\/ff-waldbach.at\/wordpress\/index.php?rest_route=%2Fwp%2Fv2%2Fmedia&parent=4255"}],"wp:term":[{"taxonomy":"category","embeddable":true,"href":"https:\/\/ff-waldbach.at\/wordpress\/index.php?rest_route=%2Fwp%2Fv2%2Fcategories&post=4255"},{"taxonomy":"post_tag","embeddable":true,"href":"https:\/\/ff-waldbach.at\/wordpress\/index.php?rest_route=%2Fwp%2Fv2%2Ftags&post=4255"}],"curies":[{"name":"wp","href":"https:\/\/api.w.org\/{rel}","templated":true}]}}