{"id":505,"date":"2014-05-02T17:59:18","date_gmt":"2014-05-02T15:59:18","guid":{"rendered":"http:\/\/ff-waldbach.at\/wordpress\/?p=505"},"modified":"2014-06-22T20:53:10","modified_gmt":"2014-06-22T18:53:10","slug":"urkundenverleihung-fuer-langjaehrige-bewertertaetigkeit","status":"publish","type":"post","link":"https:\/\/ff-waldbach.at\/wordpress\/?p=505","title":{"rendered":"Urkundenverleihung f\u00fcr langj\u00e4hrige Bewertert\u00e4tigkeit"},"content":{"rendered":"<p>Am 26.4.2014 fand in der Feuerwehrschule in Lebring der Funkleistungsbewerb statt.<br \/>\nHBI a. D. Josef Mayer wurde eine Urkunde vom Landesfeuerwehrkommandant Pr\u00e4s. d. \u00d6BFV LBD Albert Kern\u00a0\u00a0f\u00fcr seine langj\u00e4hrige T\u00e4tigkeit als Bewerter verliehen.<\/p>\n<p><a href=\"https:\/\/ff-waldbach.at\/wordpress\/wp-content\/uploads\/2014\/05\/14007535606_b6298ae927_z.jpg\"><img loading=\"lazy\" decoding=\"async\" class=\"alignleft size-medium wp-image-507\" alt=\"14007535606_b6298ae927_z\" src=\"https:\/\/ff-waldbach.at\/wordpress\/wp-content\/uploads\/2014\/05\/14007535606_b6298ae927_z-300x200.jpg\" width=\"300\" height=\"200\" srcset=\"https:\/\/ff-waldbach.at\/wordpress\/wp-content\/uploads\/2014\/05\/14007535606_b6298ae927_z-300x200.jpg 300w, https:\/\/ff-waldbach.at\/wordpress\/wp-content\/uploads\/2014\/05\/14007535606_b6298ae927_z-448x300.jpg 448w, https:\/\/ff-waldbach.at\/wordpress\/wp-content\/uploads\/2014\/05\/14007535606_b6298ae927_z.jpg 640w\" sizes=\"auto, (max-width: 300px) 100vw, 300px\" \/><\/a> <a href=\"https:\/\/ff-waldbach.at\/wordpress\/wp-content\/uploads\/2014\/05\/14007535866_92382b32fa_z.jpg\"><img loading=\"lazy\" decoding=\"async\" class=\"alignleft size-medium wp-image-506\" alt=\"14007535866_92382b32fa_z\" src=\"https:\/\/ff-waldbach.at\/wordpress\/wp-content\/uploads\/2014\/05\/14007535866_92382b32fa_z-300x200.jpg\" width=\"300\" height=\"200\" srcset=\"https:\/\/ff-waldbach.at\/wordpress\/wp-content\/uploads\/2014\/05\/14007535866_92382b32fa_z-300x200.jpg 300w, https:\/\/ff-waldbach.at\/wordpress\/wp-content\/uploads\/2014\/05\/14007535866_92382b32fa_z-448x300.jpg 448w, https:\/\/ff-waldbach.at\/wordpress\/wp-content\/uploads\/2014\/05\/14007535866_92382b32fa_z.jpg 640w\" sizes=\"auto, (max-width: 300px) 100vw, 300px\" \/><\/a>\u00a0<\/p>\n<p>&nbsp;<\/p>\n","protected":false},"excerpt":{"rendered":"<p>Am 26.4.2014 fand in der Feuerwehrschule in Lebring der Funkleistungsbewerb statt. HBI a. D. Josef Mayer wurde eine Urkunde vom [&hellip;]<\/p>\n","protected":false},"author":1,"featured_media":0,"comment_status":"closed","ping_status":"closed","sticky":false,"template":"","format":"standard","meta":{"_coblocks_attr":"","_coblocks_dimensions":"","_coblocks_responsive_height":"","_coblocks_accordion_ie_support":"","footnotes":""},"categories":[4],"tags":[],"class_list":["post-505","post","type-post","status-publish","format-standard","hentry","category-sonstiges"],"_links":{"self":[{"href":"https:\/\/ff-waldbach.at\/wordpress\/index.php?rest_route=\/wp\/v2\/posts\/505","targetHints":{"allow":["GET"]}}],"collection":[{"href":"https:\/\/ff-waldbach.at\/wordpress\/index.php?rest_route=\/wp\/v2\/posts"}],"about":[{"href":"https:\/\/ff-waldbach.at\/wordpress\/index.php?rest_route=\/wp\/v2\/types\/post"}],"author":[{"embeddable":true,"href":"https:\/\/ff-waldbach.at\/wordpress\/index.php?rest_route=\/wp\/v2\/users\/1"}],"replies":[{"embeddable":true,"href":"https:\/\/ff-waldbach.at\/wordpress\/index.php?rest_route=%2Fwp%2Fv2%2Fcomments&post=505"}],"version-history":[{"count":1,"href":"https:\/\/ff-waldbach.at\/wordpress\/index.php?rest_route=\/wp\/v2\/posts\/505\/revisions"}],"predecessor-version":[{"id":508,"href":"https:\/\/ff-waldbach.at\/wordpress\/index.php?rest_route=\/wp\/v2\/posts\/505\/revisions\/508"}],"wp:attachment":[{"href":"https:\/\/ff-waldbach.at\/wordpress\/index.php?rest_route=%2Fwp%2Fv2%2Fmedia&parent=505"}],"wp:term":[{"taxonomy":"category","embeddable":true,"href":"https:\/\/ff-waldbach.at\/wordpress\/index.php?rest_route=%2Fwp%2Fv2%2Fcategories&post=505"},{"taxonomy":"post_tag","embeddable":true,"href":"https:\/\/ff-waldbach.at\/wordpress\/index.php?rest_route=%2Fwp%2Fv2%2Ftags&post=505"}],"curies":[{"name":"wp","href":"https:\/\/api.w.org\/{rel}","templated":true}]}}