{"id":583,"date":"2014-05-16T19:17:24","date_gmt":"2014-05-16T17:17:24","guid":{"rendered":"http:\/\/ff-waldbach.at\/wordpress\/?p=583"},"modified":"2014-07-14T21:18:50","modified_gmt":"2014-07-14T19:18:50","slug":"baumentfernung-am-16-mai-2014","status":"publish","type":"post","link":"https:\/\/ff-waldbach.at\/wordpress\/?p=583","title":{"rendered":"Baumentfernung am 16. Mai 2014"},"content":{"rendered":"<p>Am Freitag, den 16.05.2014 wurde die FF-Waldbach telefonisch zu einer Baumentfernung auf der Gemeindestra\u00dfe Richtung Ofenm\u00fchle alarmiert.<\/p>\n<p>Die FF-Waldbach r\u00fcckte mit 4 Mann und LFB-A zum Einsatzort aus.<\/p>\n<ul>\n<li>Entfernen des Baumes mit Motorkettens\u00e4ge.<\/li>\n<li>Reinigen der Fahrbahn.\u00a0<\/li>\n<\/ul>\n<p><a href=\"https:\/\/ff-waldbach.at\/wordpress\/wp-content\/uploads\/2014\/05\/IMGP3352.jpg\"><img loading=\"lazy\" decoding=\"async\" class=\"alignleft size-medium wp-image-590\" alt=\"IMGP3352\" src=\"https:\/\/ff-waldbach.at\/wordpress\/wp-content\/uploads\/2014\/05\/IMGP3352-300x225.jpg\" width=\"300\" height=\"225\" srcset=\"https:\/\/ff-waldbach.at\/wordpress\/wp-content\/uploads\/2014\/05\/IMGP3352-300x225.jpg 300w, https:\/\/ff-waldbach.at\/wordpress\/wp-content\/uploads\/2014\/05\/IMGP3352-400x300.jpg 400w, https:\/\/ff-waldbach.at\/wordpress\/wp-content\/uploads\/2014\/05\/IMGP3352.jpg 640w\" sizes=\"auto, (max-width: 300px) 100vw, 300px\" \/><\/a> <a href=\"https:\/\/ff-waldbach.at\/wordpress\/wp-content\/uploads\/2014\/05\/IMGP3353.jpg\"><img loading=\"lazy\" decoding=\"async\" class=\"alignleft size-medium wp-image-591\" alt=\"IMGP3353\" src=\"https:\/\/ff-waldbach.at\/wordpress\/wp-content\/uploads\/2014\/05\/IMGP3353-300x225.jpg\" width=\"300\" height=\"225\" srcset=\"https:\/\/ff-waldbach.at\/wordpress\/wp-content\/uploads\/2014\/05\/IMGP3353-300x225.jpg 300w, https:\/\/ff-waldbach.at\/wordpress\/wp-content\/uploads\/2014\/05\/IMGP3353-400x300.jpg 400w, https:\/\/ff-waldbach.at\/wordpress\/wp-content\/uploads\/2014\/05\/IMGP3353.jpg 640w\" sizes=\"auto, (max-width: 300px) 100vw, 300px\" \/><\/a> <a href=\"https:\/\/ff-waldbach.at\/wordpress\/wp-content\/uploads\/2014\/05\/IMGP3354.jpg\"><img loading=\"lazy\" decoding=\"async\" class=\"alignleft size-medium wp-image-592\" alt=\"IMGP3354\" src=\"https:\/\/ff-waldbach.at\/wordpress\/wp-content\/uploads\/2014\/05\/IMGP3354-300x225.jpg\" width=\"300\" height=\"225\" srcset=\"https:\/\/ff-waldbach.at\/wordpress\/wp-content\/uploads\/2014\/05\/IMGP3354-300x225.jpg 300w, https:\/\/ff-waldbach.at\/wordpress\/wp-content\/uploads\/2014\/05\/IMGP3354-400x300.jpg 400w, https:\/\/ff-waldbach.at\/wordpress\/wp-content\/uploads\/2014\/05\/IMGP3354.jpg 640w\" sizes=\"auto, (max-width: 300px) 100vw, 300px\" \/><\/a><\/p>\n<p>&nbsp;<\/p>\n<p>&nbsp;<\/p>\n<p>&nbsp;<\/p>\n<p>&nbsp;<\/p>\n<p>&nbsp;<\/p>\n<p><a href=\"https:\/\/ff-waldbach.at\/wordpress\/wp-content\/uploads\/2014\/05\/IMGP3355.jpg\"><img loading=\"lazy\" decoding=\"async\" class=\"alignleft size-medium wp-image-588\" alt=\"IMGP3355\" src=\"https:\/\/ff-waldbach.at\/wordpress\/wp-content\/uploads\/2014\/05\/IMGP3355-300x225.jpg\" width=\"300\" height=\"225\" srcset=\"https:\/\/ff-waldbach.at\/wordpress\/wp-content\/uploads\/2014\/05\/IMGP3355-300x225.jpg 300w, https:\/\/ff-waldbach.at\/wordpress\/wp-content\/uploads\/2014\/05\/IMGP3355-400x300.jpg 400w, https:\/\/ff-waldbach.at\/wordpress\/wp-content\/uploads\/2014\/05\/IMGP3355.jpg 640w\" sizes=\"auto, (max-width: 300px) 100vw, 300px\" \/><\/a><\/p>\n","protected":false},"excerpt":{"rendered":"<p>Am Freitag, den 16.05.2014 wurde die FF-Waldbach telefonisch zu einer Baumentfernung auf der Gemeindestra\u00dfe Richtung Ofenm\u00fchle alarmiert. Die FF-Waldbach r\u00fcckte [&hellip;]<\/p>\n","protected":false},"author":1,"featured_media":0,"comment_status":"closed","ping_status":"closed","sticky":false,"template":"","format":"standard","meta":{"_coblocks_attr":"","_coblocks_dimensions":"","_coblocks_responsive_height":"","_coblocks_accordion_ie_support":"","footnotes":""},"categories":[2],"tags":[],"class_list":["post-583","post","type-post","status-publish","format-standard","hentry","category-einsatz"],"_links":{"self":[{"href":"https:\/\/ff-waldbach.at\/wordpress\/index.php?rest_route=\/wp\/v2\/posts\/583","targetHints":{"allow":["GET"]}}],"collection":[{"href":"https:\/\/ff-waldbach.at\/wordpress\/index.php?rest_route=\/wp\/v2\/posts"}],"about":[{"href":"https:\/\/ff-waldbach.at\/wordpress\/index.php?rest_route=\/wp\/v2\/types\/post"}],"author":[{"embeddable":true,"href":"https:\/\/ff-waldbach.at\/wordpress\/index.php?rest_route=\/wp\/v2\/users\/1"}],"replies":[{"embeddable":true,"href":"https:\/\/ff-waldbach.at\/wordpress\/index.php?rest_route=%2Fwp%2Fv2%2Fcomments&post=583"}],"version-history":[{"count":4,"href":"https:\/\/ff-waldbach.at\/wordpress\/index.php?rest_route=\/wp\/v2\/posts\/583\/revisions"}],"predecessor-version":[{"id":595,"href":"https:\/\/ff-waldbach.at\/wordpress\/index.php?rest_route=\/wp\/v2\/posts\/583\/revisions\/595"}],"wp:attachment":[{"href":"https:\/\/ff-waldbach.at\/wordpress\/index.php?rest_route=%2Fwp%2Fv2%2Fmedia&parent=583"}],"wp:term":[{"taxonomy":"category","embeddable":true,"href":"https:\/\/ff-waldbach.at\/wordpress\/index.php?rest_route=%2Fwp%2Fv2%2Fcategories&post=583"},{"taxonomy":"post_tag","embeddable":true,"href":"https:\/\/ff-waldbach.at\/wordpress\/index.php?rest_route=%2Fwp%2Fv2%2Ftags&post=583"}],"curies":[{"name":"wp","href":"https:\/\/api.w.org\/{rel}","templated":true}]}}