{"id":930,"date":"2015-01-18T12:58:57","date_gmt":"2015-01-18T10:58:57","guid":{"rendered":"http:\/\/ff-waldbach.at\/wordpress\/?p=930"},"modified":"2015-05-24T18:40:22","modified_gmt":"2015-05-24T16:40:22","slug":"geburtstagsgratulation-des-bereichsfeuerwehrverbandes-hartberg","status":"publish","type":"post","link":"https:\/\/ff-waldbach.at\/wordpress\/?p=930","title":{"rendered":"Geburtstagsgratulation des Bereichsfeuerwehrverbandes Hartberg"},"content":{"rendered":"<p>Am Samstag, dem 22. November 2014 fand die traditionelle Geburtstagsfeier des Bereichsfeuerwehrverbandes Hartberg statt. OBR Johann H\u00f6nigschnabl und BR Thomas Gruber sowie zahlreiche Ausschussmitglieder konnten den Jubilaren aus dem Bereich Hartberg gratulieren<\/p>\n<p>Die traditionelle Geburtstagsfeier des Bereichsfeuerwehrverbandes Hartberg soll Anlass geben, den Jubilaren aus dem Bereich Hartberg zu Gratulieren. Neben &#8222;runden&#8220; Geburtstagen von Feuerwehrkommandanten und Feuerwehrkommandanten-Stellvertretern werden auch Bereichsfunktion\u00e4re, welche runde Geburtstage im selbigen Jahr feiern, zu diesem freudigen Anlass geladen. OBR Johann H\u00f6nigschnabl w\u00fcrdigte in seiner Laudationen die Leistungen der anwesenden Jubilare und bot einen kurzen Einblick in deren Feuerwehrkarriere.<\/p>\n<p><strong>OBI Karl Sch\u00f6ngrundner<br \/>\n<\/strong>Karl Sch\u00f6ngrundner trat im Jahre 1971 der Freiwilligen Feuerwehr Waldbach bei und wurde bereits 1992 zum Kommandanten-Stellvertreter gew\u00e4hlt. Dieses Amt hatte er bis 2002 inne, wobei er nach einer 10-j\u00e4hrigen Pause im Jahre 2012 wieder diese Funktion \u00fcbernahm. Karl Sch\u00f6ngrundner kann auf zahlreiche Kurse und Lehrg\u00e4nge an der Feuerwehr- und Zivilschutzschule und auf ein umfangreiches Fachwissen zur\u00fcckblicken. So wurde ihm im Laufe seiner Feuerwehrkarriere auch die Funktion des Sanit\u00e4ts- und Ausbildungsbeauftragten \u00fcbertragen. Zahlreiche Auszeichnungen (u. a. die Verdienstzeichen des Landesfeuerwehrverbandes der 3. 2. und 1. Stufe) sowie verschiedenste Leistungsabzeichen kann Karl Sch\u00f6ngrundner sein Eigen nennen. Anl\u00e4sslich seines 60. Geburtstages gratuliert der BFV Hartberg sehr herzlich und w\u00fcnscht ihm f\u00fcr die Zukunft alles Gute!<\/p>\n<p><a href=\"https:\/\/ff-waldbach.at\/wordpress\/wp-content\/uploads\/2015\/01\/Titelfoto.jpg\"><img loading=\"lazy\" decoding=\"async\" class=\"aligncenter size-medium wp-image-931\" alt=\"SONY DSC\" src=\"https:\/\/ff-waldbach.at\/wordpress\/wp-content\/uploads\/2015\/01\/Titelfoto-300x200.jpg\" width=\"300\" height=\"200\" srcset=\"https:\/\/ff-waldbach.at\/wordpress\/wp-content\/uploads\/2015\/01\/Titelfoto-300x200.jpg 300w, https:\/\/ff-waldbach.at\/wordpress\/wp-content\/uploads\/2015\/01\/Titelfoto-448x300.jpg 448w, https:\/\/ff-waldbach.at\/wordpress\/wp-content\/uploads\/2015\/01\/Titelfoto.jpg 1024w\" sizes=\"auto, (max-width: 300px) 100vw, 300px\" \/><\/a><\/p>\n<p>&nbsp;<\/p>\n<p>&nbsp;<\/p>\n<p>&nbsp;<\/p>\n<p>&nbsp;<\/p>\n<p>&nbsp;<\/p>\n","protected":false},"excerpt":{"rendered":"<p>Am Samstag, dem 22. November 2014 fand die traditionelle Geburtstagsfeier des Bereichsfeuerwehrverbandes Hartberg statt. OBR Johann H\u00f6nigschnabl und BR Thomas [&hellip;]<\/p>\n","protected":false},"author":1,"featured_media":0,"comment_status":"closed","ping_status":"closed","sticky":false,"template":"","format":"standard","meta":{"_coblocks_attr":"","_coblocks_dimensions":"","_coblocks_responsive_height":"","_coblocks_accordion_ie_support":"","footnotes":""},"categories":[1],"tags":[],"class_list":["post-930","post","type-post","status-publish","format-standard","hentry","category-allgemein"],"_links":{"self":[{"href":"https:\/\/ff-waldbach.at\/wordpress\/index.php?rest_route=\/wp\/v2\/posts\/930","targetHints":{"allow":["GET"]}}],"collection":[{"href":"https:\/\/ff-waldbach.at\/wordpress\/index.php?rest_route=\/wp\/v2\/posts"}],"about":[{"href":"https:\/\/ff-waldbach.at\/wordpress\/index.php?rest_route=\/wp\/v2\/types\/post"}],"author":[{"embeddable":true,"href":"https:\/\/ff-waldbach.at\/wordpress\/index.php?rest_route=\/wp\/v2\/users\/1"}],"replies":[{"embeddable":true,"href":"https:\/\/ff-waldbach.at\/wordpress\/index.php?rest_route=%2Fwp%2Fv2%2Fcomments&post=930"}],"version-history":[{"count":3,"href":"https:\/\/ff-waldbach.at\/wordpress\/index.php?rest_route=\/wp\/v2\/posts\/930\/revisions"}],"predecessor-version":[{"id":950,"href":"https:\/\/ff-waldbach.at\/wordpress\/index.php?rest_route=\/wp\/v2\/posts\/930\/revisions\/950"}],"wp:attachment":[{"href":"https:\/\/ff-waldbach.at\/wordpress\/index.php?rest_route=%2Fwp%2Fv2%2Fmedia&parent=930"}],"wp:term":[{"taxonomy":"category","embeddable":true,"href":"https:\/\/ff-waldbach.at\/wordpress\/index.php?rest_route=%2Fwp%2Fv2%2Fcategories&post=930"},{"taxonomy":"post_tag","embeddable":true,"href":"https:\/\/ff-waldbach.at\/wordpress\/index.php?rest_route=%2Fwp%2Fv2%2Ftags&post=930"}],"curies":[{"name":"wp","href":"https:\/\/api.w.org\/{rel}","templated":true}]}}