{"id":936,"date":"2015-01-18T18:50:01","date_gmt":"2015-01-18T16:50:01","guid":{"rendered":"http:\/\/ff-waldbach.at\/wordpress\/?p=936"},"modified":"2015-06-14T10:35:15","modified_gmt":"2015-06-14T08:35:15","slug":"entzuendung-des-23-adventfenster","status":"publish","type":"post","link":"https:\/\/ff-waldbach.at\/wordpress\/?p=936","title":{"rendered":"Entz\u00fcndung des 23. Adventfenster"},"content":{"rendered":"<p>Am 23. Dezember wurde das 23. Adventfenster beim R\u00fcsthaus entz\u00fcndet.<br \/>\nSo wie jedes Jahr\u00a0wurde das Fenster von Aloisia und Walter Kernbichler sen. gestaltet.<\/p>\n<p>Nachdem das Adventfenster entz\u00fcndet war verbrachten die Feuerwehrkameraden mit ihren Frauen ein paar gem\u00fctliche Stunden bei Gl\u00fchwein. Tee und Mehlspeise.<\/p>\n<p><a href=\"https:\/\/ff-waldbach.at\/wordpress\/wp-content\/uploads\/2015\/01\/PICT0078.jpg\"><img loading=\"lazy\" decoding=\"async\" class=\"aligncenter size-medium wp-image-937\" alt=\"KONICA MINOLTA DIGITAL CAMERA\" src=\"https:\/\/ff-waldbach.at\/wordpress\/wp-content\/uploads\/2015\/01\/PICT0078-300x199.jpg\" width=\"300\" height=\"199\" srcset=\"https:\/\/ff-waldbach.at\/wordpress\/wp-content\/uploads\/2015\/01\/PICT0078-300x199.jpg 300w, https:\/\/ff-waldbach.at\/wordpress\/wp-content\/uploads\/2015\/01\/PICT0078-450x300.jpg 450w, https:\/\/ff-waldbach.at\/wordpress\/wp-content\/uploads\/2015\/01\/PICT0078.jpg 640w\" sizes=\"auto, (max-width: 300px) 100vw, 300px\" \/><\/a> <a href=\"https:\/\/ff-waldbach.at\/wordpress\/wp-content\/uploads\/2015\/01\/PICT0080.jpg\"><img loading=\"lazy\" decoding=\"async\" class=\"aligncenter size-medium wp-image-938\" alt=\"KONICA MINOLTA DIGITAL CAMERA\" src=\"https:\/\/ff-waldbach.at\/wordpress\/wp-content\/uploads\/2015\/01\/PICT0080-300x199.jpg\" width=\"300\" height=\"199\" srcset=\"https:\/\/ff-waldbach.at\/wordpress\/wp-content\/uploads\/2015\/01\/PICT0080-300x199.jpg 300w, https:\/\/ff-waldbach.at\/wordpress\/wp-content\/uploads\/2015\/01\/PICT0080-450x300.jpg 450w, https:\/\/ff-waldbach.at\/wordpress\/wp-content\/uploads\/2015\/01\/PICT0080.jpg 640w\" sizes=\"auto, (max-width: 300px) 100vw, 300px\" \/><\/a> <a href=\"https:\/\/ff-waldbach.at\/wordpress\/wp-content\/uploads\/2015\/01\/PICT0088.jpg\"><img loading=\"lazy\" decoding=\"async\" class=\"aligncenter size-medium wp-image-939\" alt=\"KONICA MINOLTA DIGITAL CAMERA\" src=\"https:\/\/ff-waldbach.at\/wordpress\/wp-content\/uploads\/2015\/01\/PICT0088-300x199.jpg\" width=\"300\" height=\"199\" srcset=\"https:\/\/ff-waldbach.at\/wordpress\/wp-content\/uploads\/2015\/01\/PICT0088-300x199.jpg 300w, https:\/\/ff-waldbach.at\/wordpress\/wp-content\/uploads\/2015\/01\/PICT0088-450x300.jpg 450w, https:\/\/ff-waldbach.at\/wordpress\/wp-content\/uploads\/2015\/01\/PICT0088.jpg 640w\" sizes=\"auto, (max-width: 300px) 100vw, 300px\" \/><\/a> <a href=\"https:\/\/ff-waldbach.at\/wordpress\/wp-content\/uploads\/2015\/01\/PICT0089.jpg\"><img loading=\"lazy\" decoding=\"async\" class=\"aligncenter size-medium wp-image-940\" alt=\"KONICA MINOLTA DIGITAL CAMERA\" src=\"https:\/\/ff-waldbach.at\/wordpress\/wp-content\/uploads\/2015\/01\/PICT0089-300x199.jpg\" width=\"300\" height=\"199\" srcset=\"https:\/\/ff-waldbach.at\/wordpress\/wp-content\/uploads\/2015\/01\/PICT0089-300x199.jpg 300w, https:\/\/ff-waldbach.at\/wordpress\/wp-content\/uploads\/2015\/01\/PICT0089-450x300.jpg 450w, https:\/\/ff-waldbach.at\/wordpress\/wp-content\/uploads\/2015\/01\/PICT0089.jpg 640w\" sizes=\"auto, (max-width: 300px) 100vw, 300px\" \/><\/a> <a href=\"https:\/\/ff-waldbach.at\/wordpress\/wp-content\/uploads\/2015\/01\/PICT0094.jpg\"><img loading=\"lazy\" decoding=\"async\" class=\"aligncenter size-medium wp-image-941\" alt=\"KONICA MINOLTA DIGITAL CAMERA\" src=\"https:\/\/ff-waldbach.at\/wordpress\/wp-content\/uploads\/2015\/01\/PICT0094-300x199.jpg\" width=\"300\" height=\"199\" srcset=\"https:\/\/ff-waldbach.at\/wordpress\/wp-content\/uploads\/2015\/01\/PICT0094-300x199.jpg 300w, https:\/\/ff-waldbach.at\/wordpress\/wp-content\/uploads\/2015\/01\/PICT0094-450x300.jpg 450w, https:\/\/ff-waldbach.at\/wordpress\/wp-content\/uploads\/2015\/01\/PICT0094.jpg 640w\" sizes=\"auto, (max-width: 300px) 100vw, 300px\" \/><\/a> <a href=\"https:\/\/ff-waldbach.at\/wordpress\/wp-content\/uploads\/2015\/01\/PICT0095.jpg\"><img loading=\"lazy\" decoding=\"async\" class=\"aligncenter size-medium wp-image-942\" alt=\"KONICA MINOLTA DIGITAL CAMERA\" src=\"https:\/\/ff-waldbach.at\/wordpress\/wp-content\/uploads\/2015\/01\/PICT0095-300x199.jpg\" width=\"300\" height=\"199\" srcset=\"https:\/\/ff-waldbach.at\/wordpress\/wp-content\/uploads\/2015\/01\/PICT0095-300x199.jpg 300w, https:\/\/ff-waldbach.at\/wordpress\/wp-content\/uploads\/2015\/01\/PICT0095-450x300.jpg 450w, https:\/\/ff-waldbach.at\/wordpress\/wp-content\/uploads\/2015\/01\/PICT0095.jpg 640w\" sizes=\"auto, (max-width: 300px) 100vw, 300px\" \/><\/a> <a href=\"https:\/\/ff-waldbach.at\/wordpress\/wp-content\/uploads\/2015\/01\/PICT0096.jpg\"><img loading=\"lazy\" decoding=\"async\" class=\"aligncenter size-medium wp-image-944\" alt=\"KONICA MINOLTA DIGITAL CAMERA\" src=\"https:\/\/ff-waldbach.at\/wordpress\/wp-content\/uploads\/2015\/01\/PICT0096-300x199.jpg\" width=\"300\" height=\"199\" srcset=\"https:\/\/ff-waldbach.at\/wordpress\/wp-content\/uploads\/2015\/01\/PICT0096-300x199.jpg 300w, https:\/\/ff-waldbach.at\/wordpress\/wp-content\/uploads\/2015\/01\/PICT0096-450x300.jpg 450w, https:\/\/ff-waldbach.at\/wordpress\/wp-content\/uploads\/2015\/01\/PICT0096.jpg 640w\" sizes=\"auto, (max-width: 300px) 100vw, 300px\" \/><\/a> <a href=\"https:\/\/ff-waldbach.at\/wordpress\/wp-content\/uploads\/2015\/01\/PICT0097.jpg\"><img loading=\"lazy\" decoding=\"async\" class=\"aligncenter size-medium wp-image-945\" alt=\"KONICA MINOLTA DIGITAL CAMERA\" src=\"https:\/\/ff-waldbach.at\/wordpress\/wp-content\/uploads\/2015\/01\/PICT0097-300x199.jpg\" width=\"300\" height=\"199\" srcset=\"https:\/\/ff-waldbach.at\/wordpress\/wp-content\/uploads\/2015\/01\/PICT0097-300x199.jpg 300w, https:\/\/ff-waldbach.at\/wordpress\/wp-content\/uploads\/2015\/01\/PICT0097-450x300.jpg 450w, https:\/\/ff-waldbach.at\/wordpress\/wp-content\/uploads\/2015\/01\/PICT0097.jpg 640w\" sizes=\"auto, (max-width: 300px) 100vw, 300px\" \/><\/a> <a href=\"https:\/\/ff-waldbach.at\/wordpress\/wp-content\/uploads\/2015\/01\/PICT0098.jpg\"><img loading=\"lazy\" decoding=\"async\" class=\"aligncenter size-medium wp-image-946\" alt=\"KONICA MINOLTA DIGITAL CAMERA\" src=\"https:\/\/ff-waldbach.at\/wordpress\/wp-content\/uploads\/2015\/01\/PICT0098-300x199.jpg\" width=\"300\" height=\"199\" srcset=\"https:\/\/ff-waldbach.at\/wordpress\/wp-content\/uploads\/2015\/01\/PICT0098-300x199.jpg 300w, https:\/\/ff-waldbach.at\/wordpress\/wp-content\/uploads\/2015\/01\/PICT0098-450x300.jpg 450w, https:\/\/ff-waldbach.at\/wordpress\/wp-content\/uploads\/2015\/01\/PICT0098.jpg 640w\" sizes=\"auto, (max-width: 300px) 100vw, 300px\" \/><\/a><\/p>\n<p>&nbsp;<\/p>\n<p>&nbsp;<\/p>\n<p>&nbsp;<\/p>\n<p>&nbsp;<\/p>\n<p>&nbsp;<\/p>\n<p>&nbsp;<\/p>\n<p>&nbsp;<\/p>\n","protected":false},"excerpt":{"rendered":"<p>Am 23. Dezember wurde das 23. Adventfenster beim R\u00fcsthaus entz\u00fcndet. So wie jedes Jahr\u00a0wurde das Fenster von Aloisia und Walter [&hellip;]<\/p>\n","protected":false},"author":1,"featured_media":0,"comment_status":"closed","ping_status":"closed","sticky":false,"template":"","format":"standard","meta":{"_coblocks_attr":"","_coblocks_dimensions":"","_coblocks_responsive_height":"","_coblocks_accordion_ie_support":"","footnotes":""},"categories":[4],"tags":[],"class_list":["post-936","post","type-post","status-publish","format-standard","hentry","category-sonstiges"],"_links":{"self":[{"href":"https:\/\/ff-waldbach.at\/wordpress\/index.php?rest_route=\/wp\/v2\/posts\/936","targetHints":{"allow":["GET"]}}],"collection":[{"href":"https:\/\/ff-waldbach.at\/wordpress\/index.php?rest_route=\/wp\/v2\/posts"}],"about":[{"href":"https:\/\/ff-waldbach.at\/wordpress\/index.php?rest_route=\/wp\/v2\/types\/post"}],"author":[{"embeddable":true,"href":"https:\/\/ff-waldbach.at\/wordpress\/index.php?rest_route=\/wp\/v2\/users\/1"}],"replies":[{"embeddable":true,"href":"https:\/\/ff-waldbach.at\/wordpress\/index.php?rest_route=%2Fwp%2Fv2%2Fcomments&post=936"}],"version-history":[{"count":5,"href":"https:\/\/ff-waldbach.at\/wordpress\/index.php?rest_route=\/wp\/v2\/posts\/936\/revisions"}],"predecessor-version":[{"id":952,"href":"https:\/\/ff-waldbach.at\/wordpress\/index.php?rest_route=\/wp\/v2\/posts\/936\/revisions\/952"}],"wp:attachment":[{"href":"https:\/\/ff-waldbach.at\/wordpress\/index.php?rest_route=%2Fwp%2Fv2%2Fmedia&parent=936"}],"wp:term":[{"taxonomy":"category","embeddable":true,"href":"https:\/\/ff-waldbach.at\/wordpress\/index.php?rest_route=%2Fwp%2Fv2%2Fcategories&post=936"},{"taxonomy":"post_tag","embeddable":true,"href":"https:\/\/ff-waldbach.at\/wordpress\/index.php?rest_route=%2Fwp%2Fv2%2Ftags&post=936"}],"curies":[{"name":"wp","href":"https:\/\/api.w.org\/{rel}","templated":true}]}}