{"id":960,"date":"2015-02-12T16:49:13","date_gmt":"2015-02-12T14:49:13","guid":{"rendered":"http:\/\/ff-waldbach.at\/wordpress\/?p=960"},"modified":"2015-06-28T11:21:12","modified_gmt":"2015-06-28T09:21:12","slug":"lkw-bergung-in-breitenbrunn","status":"publish","type":"post","link":"https:\/\/ff-waldbach.at\/wordpress\/?p=960","title":{"rendered":"LKW Bergung in Breitenbrunn"},"content":{"rendered":"<p>Am Montag, den 09.02.2015 wurde die FF-Waldbach um 11:40 Uhr per stillen Alarm zu einem LKW Unfall auf der Landesstra\u00dfe 453 in Breitenbrunn alarmiert.<\/p>\n<p>Ein Schneepflug der Stra\u00dfenmeisterei ist von der Stra\u00dfe abgekommen und im Stra\u00dfengraben h\u00e4ngengeblieben.<\/p>\n<p>Die FF-Waldbach r\u00fcckte mit 9 Mann und LFB-A, MTF-A zum Einsatzort aus.<\/p>\n<p>Nach den ersten Bergeversuchen wurde klar, dass aufgrund des hohen Gewichtes des LKW&#8217;s die Bergung mit nur einer Feuerwehr nicht m\u00f6glich ist, daher wurde die FF-M\u00f6nichwald alarmiert. Mit vereinten Kr\u00e4ften gelang schlie\u00dflich die Bergung des Schneepfluges.<\/p>\n<p>Danke an die FF-M\u00f6nichwald\u00a0f\u00fcr die gute Zusammenarbeit!<\/p>\n<p><a href=\"https:\/\/ff-waldbach.at\/wordpress\/wp-content\/uploads\/2015\/02\/IMG_1199.jpg\"><img loading=\"lazy\" decoding=\"async\" class=\"aligncenter size-medium wp-image-962\" alt=\"IMG_1199\" src=\"https:\/\/ff-waldbach.at\/wordpress\/wp-content\/uploads\/2015\/02\/IMG_1199-300x225.jpg\" width=\"300\" height=\"225\" srcset=\"https:\/\/ff-waldbach.at\/wordpress\/wp-content\/uploads\/2015\/02\/IMG_1199-300x225.jpg 300w, https:\/\/ff-waldbach.at\/wordpress\/wp-content\/uploads\/2015\/02\/IMG_1199-400x300.jpg 400w, https:\/\/ff-waldbach.at\/wordpress\/wp-content\/uploads\/2015\/02\/IMG_1199.jpg 640w\" sizes=\"auto, (max-width: 300px) 100vw, 300px\" \/><\/a> <a href=\"https:\/\/ff-waldbach.at\/wordpress\/wp-content\/uploads\/2015\/02\/IMG_1207.jpg\"><img loading=\"lazy\" decoding=\"async\" class=\"aligncenter size-medium wp-image-963\" alt=\"IMG_1207\" src=\"https:\/\/ff-waldbach.at\/wordpress\/wp-content\/uploads\/2015\/02\/IMG_1207-300x225.jpg\" width=\"300\" height=\"225\" srcset=\"https:\/\/ff-waldbach.at\/wordpress\/wp-content\/uploads\/2015\/02\/IMG_1207-300x225.jpg 300w, https:\/\/ff-waldbach.at\/wordpress\/wp-content\/uploads\/2015\/02\/IMG_1207-400x300.jpg 400w, https:\/\/ff-waldbach.at\/wordpress\/wp-content\/uploads\/2015\/02\/IMG_1207.jpg 640w\" sizes=\"auto, (max-width: 300px) 100vw, 300px\" \/><\/a> <a href=\"https:\/\/ff-waldbach.at\/wordpress\/wp-content\/uploads\/2015\/02\/IMG_1208.jpg\"><img loading=\"lazy\" decoding=\"async\" class=\"aligncenter size-medium wp-image-964\" alt=\"IMG_1208\" src=\"https:\/\/ff-waldbach.at\/wordpress\/wp-content\/uploads\/2015\/02\/IMG_1208-300x225.jpg\" width=\"300\" height=\"225\" srcset=\"https:\/\/ff-waldbach.at\/wordpress\/wp-content\/uploads\/2015\/02\/IMG_1208-300x225.jpg 300w, https:\/\/ff-waldbach.at\/wordpress\/wp-content\/uploads\/2015\/02\/IMG_1208-400x300.jpg 400w, https:\/\/ff-waldbach.at\/wordpress\/wp-content\/uploads\/2015\/02\/IMG_1208.jpg 640w\" sizes=\"auto, (max-width: 300px) 100vw, 300px\" \/><\/a> <a href=\"https:\/\/ff-waldbach.at\/wordpress\/wp-content\/uploads\/2015\/02\/IMG_1209.jpg\"><img loading=\"lazy\" decoding=\"async\" class=\"aligncenter size-medium wp-image-965\" alt=\"IMG_1209\" src=\"https:\/\/ff-waldbach.at\/wordpress\/wp-content\/uploads\/2015\/02\/IMG_1209-300x225.jpg\" width=\"300\" height=\"225\" srcset=\"https:\/\/ff-waldbach.at\/wordpress\/wp-content\/uploads\/2015\/02\/IMG_1209-300x225.jpg 300w, https:\/\/ff-waldbach.at\/wordpress\/wp-content\/uploads\/2015\/02\/IMG_1209-400x300.jpg 400w, https:\/\/ff-waldbach.at\/wordpress\/wp-content\/uploads\/2015\/02\/IMG_1209.jpg 640w\" sizes=\"auto, (max-width: 300px) 100vw, 300px\" \/><\/a> <a href=\"https:\/\/ff-waldbach.at\/wordpress\/wp-content\/uploads\/2015\/02\/IMG_1220.jpg\"><img loading=\"lazy\" decoding=\"async\" class=\"aligncenter size-medium wp-image-966\" alt=\"IMG_1220\" src=\"https:\/\/ff-waldbach.at\/wordpress\/wp-content\/uploads\/2015\/02\/IMG_1220-300x225.jpg\" width=\"300\" height=\"225\" srcset=\"https:\/\/ff-waldbach.at\/wordpress\/wp-content\/uploads\/2015\/02\/IMG_1220-300x225.jpg 300w, https:\/\/ff-waldbach.at\/wordpress\/wp-content\/uploads\/2015\/02\/IMG_1220-400x300.jpg 400w, https:\/\/ff-waldbach.at\/wordpress\/wp-content\/uploads\/2015\/02\/IMG_1220.jpg 640w\" sizes=\"auto, (max-width: 300px) 100vw, 300px\" \/><\/a> <a href=\"https:\/\/ff-waldbach.at\/wordpress\/wp-content\/uploads\/2015\/02\/IMG_1221.jpg\"><img loading=\"lazy\" decoding=\"async\" class=\"aligncenter size-medium wp-image-967\" alt=\"IMG_1221\" src=\"https:\/\/ff-waldbach.at\/wordpress\/wp-content\/uploads\/2015\/02\/IMG_1221-300x225.jpg\" width=\"300\" height=\"225\" srcset=\"https:\/\/ff-waldbach.at\/wordpress\/wp-content\/uploads\/2015\/02\/IMG_1221-300x225.jpg 300w, https:\/\/ff-waldbach.at\/wordpress\/wp-content\/uploads\/2015\/02\/IMG_1221-400x300.jpg 400w, https:\/\/ff-waldbach.at\/wordpress\/wp-content\/uploads\/2015\/02\/IMG_1221.jpg 640w\" sizes=\"auto, (max-width: 300px) 100vw, 300px\" \/><\/a> <a href=\"https:\/\/ff-waldbach.at\/wordpress\/wp-content\/uploads\/2015\/02\/IMG_1225.jpg\"><img loading=\"lazy\" decoding=\"async\" class=\"aligncenter size-medium wp-image-968\" alt=\"IMG_1225\" src=\"https:\/\/ff-waldbach.at\/wordpress\/wp-content\/uploads\/2015\/02\/IMG_1225-300x225.jpg\" width=\"300\" height=\"225\" srcset=\"https:\/\/ff-waldbach.at\/wordpress\/wp-content\/uploads\/2015\/02\/IMG_1225-300x225.jpg 300w, https:\/\/ff-waldbach.at\/wordpress\/wp-content\/uploads\/2015\/02\/IMG_1225-400x300.jpg 400w, https:\/\/ff-waldbach.at\/wordpress\/wp-content\/uploads\/2015\/02\/IMG_1225.jpg 640w\" sizes=\"auto, (max-width: 300px) 100vw, 300px\" \/><\/a> <a href=\"https:\/\/ff-waldbach.at\/wordpress\/wp-content\/uploads\/2015\/02\/IMG_1248.jpg\"><img loading=\"lazy\" decoding=\"async\" class=\"aligncenter size-medium wp-image-969\" alt=\"IMG_1248\" src=\"https:\/\/ff-waldbach.at\/wordpress\/wp-content\/uploads\/2015\/02\/IMG_1248-300x225.jpg\" width=\"300\" height=\"225\" srcset=\"https:\/\/ff-waldbach.at\/wordpress\/wp-content\/uploads\/2015\/02\/IMG_1248-300x225.jpg 300w, https:\/\/ff-waldbach.at\/wordpress\/wp-content\/uploads\/2015\/02\/IMG_1248-400x300.jpg 400w, https:\/\/ff-waldbach.at\/wordpress\/wp-content\/uploads\/2015\/02\/IMG_1248.jpg 640w\" sizes=\"auto, (max-width: 300px) 100vw, 300px\" \/><\/a><\/p>\n","protected":false},"excerpt":{"rendered":"<p>Am Montag, den 09.02.2015 wurde die FF-Waldbach um 11:40 Uhr per stillen Alarm zu einem LKW Unfall auf der Landesstra\u00dfe [&hellip;]<\/p>\n","protected":false},"author":1,"featured_media":0,"comment_status":"closed","ping_status":"closed","sticky":false,"template":"","format":"standard","meta":{"_coblocks_attr":"","_coblocks_dimensions":"","_coblocks_responsive_height":"","_coblocks_accordion_ie_support":"","footnotes":""},"categories":[2],"tags":[],"class_list":["post-960","post","type-post","status-publish","format-standard","hentry","category-einsatz"],"_links":{"self":[{"href":"https:\/\/ff-waldbach.at\/wordpress\/index.php?rest_route=\/wp\/v2\/posts\/960","targetHints":{"allow":["GET"]}}],"collection":[{"href":"https:\/\/ff-waldbach.at\/wordpress\/index.php?rest_route=\/wp\/v2\/posts"}],"about":[{"href":"https:\/\/ff-waldbach.at\/wordpress\/index.php?rest_route=\/wp\/v2\/types\/post"}],"author":[{"embeddable":true,"href":"https:\/\/ff-waldbach.at\/wordpress\/index.php?rest_route=\/wp\/v2\/users\/1"}],"replies":[{"embeddable":true,"href":"https:\/\/ff-waldbach.at\/wordpress\/index.php?rest_route=%2Fwp%2Fv2%2Fcomments&post=960"}],"version-history":[{"count":2,"href":"https:\/\/ff-waldbach.at\/wordpress\/index.php?rest_route=\/wp\/v2\/posts\/960\/revisions"}],"predecessor-version":[{"id":973,"href":"https:\/\/ff-waldbach.at\/wordpress\/index.php?rest_route=\/wp\/v2\/posts\/960\/revisions\/973"}],"wp:attachment":[{"href":"https:\/\/ff-waldbach.at\/wordpress\/index.php?rest_route=%2Fwp%2Fv2%2Fmedia&parent=960"}],"wp:term":[{"taxonomy":"category","embeddable":true,"href":"https:\/\/ff-waldbach.at\/wordpress\/index.php?rest_route=%2Fwp%2Fv2%2Fcategories&post=960"},{"taxonomy":"post_tag","embeddable":true,"href":"https:\/\/ff-waldbach.at\/wordpress\/index.php?rest_route=%2Fwp%2Fv2%2Ftags&post=960"}],"curies":[{"name":"wp","href":"https:\/\/api.w.org\/{rel}","templated":true}]}}