{"id":980,"date":"2015-03-14T15:31:44","date_gmt":"2015-03-14T13:31:44","guid":{"rendered":"http:\/\/ff-waldbach.at\/wordpress\/?p=980"},"modified":"2015-07-12T16:41:06","modified_gmt":"2015-07-12T14:41:06","slug":"wehrversammlung-2015","status":"publish","type":"post","link":"https:\/\/ff-waldbach.at\/wordpress\/?p=980","title":{"rendered":"Wehrversammlung 2015"},"content":{"rendered":"<p>Am Sonntag den\u00a008. M\u00e4rz 2015 fand im Gasthof Hold die allj\u00e4rliche Wehrversammlung der Feuerwehr Waldbach statt.<br \/>\nKommandant HBI Walter Kernbichler konnte dazu folgende Ehreng\u00e4ste begr\u00fc\u00dfen,<br \/>\nVizeb\u00fcrgermeister a. D. Arrigo Kurz<br \/>\nAbschnittsbrandinspektor ABI Markus Allmer.<\/p>\n<p>Nach der Feststellung der Beschlussf\u00e4higkeit.<br \/>\nEs waren 84% der FeuerwehrkameradInnen anwesend.<\/p>\n<p>Anschlie\u00dfend bat HBI Kernbichler alle Anwesenden sich von den Sitzen zu erheben und eine Gedenkminute f\u00fcr unsere verstorbenen\u00a0Kameraden<br \/>\n<span style=\"color: #000000;\"><strong>HFM Anton Bauernhofer<\/strong><\/span><br \/>\n<span style=\"color: #000000;\"><strong>HFM Albert Riegler<\/strong><\/span><br \/>\nsowie f\u00fcr\u00a0unsere unterst\u00fctzenden Mitglieder<br \/>\n<span style=\"color: #000000;\"><strong>Johann Zisser<\/strong><\/span><br \/>\n<span style=\"color: #000000;\"><strong>Franz Lueger<\/strong><\/span><br \/>\nzu halten.<\/p>\n<p>Nach dem der Kassier LM Florian Pfeifer<a href=\"https:\/\/ff-waldbach.at\/wordpress\/wp-content\/uploads\/2015\/03\/624A4502.jpg\"><img loading=\"lazy\" decoding=\"async\" class=\"aligncenter size-medium wp-image-982\" alt=\"624A4502\" src=\"https:\/\/ff-waldbach.at\/wordpress\/wp-content\/uploads\/2015\/03\/624A4502-201x300.jpg\" width=\"201\" height=\"300\" srcset=\"https:\/\/ff-waldbach.at\/wordpress\/wp-content\/uploads\/2015\/03\/624A4502-201x300.jpg 201w, https:\/\/ff-waldbach.at\/wordpress\/wp-content\/uploads\/2015\/03\/624A4502.jpg 322w\" sizes=\"auto, (max-width: 201px) 100vw, 201px\" \/><\/a><\/p>\n<p>eine positive Kassabilanz f\u00fcr das Jahr 2014 vorgelegt hat und die Rechnungspr\u00fcfer HBI a. D. Josef Mayer und HFM Othmar Doppelhofer die Kassa f\u00fcr in Ordnung befunden haben,\u00a0wurde die Entlastung des Kassiers und des gesamten Ausschusses beschlossen.<\/p>\n<p>Im Anschluss folgten die Berichte des Kommandanten<br \/>\n<a href=\"https:\/\/ff-waldbach.at\/wordpress\/wp-content\/uploads\/2015\/03\/624A4507.jpg\"><img loading=\"lazy\" decoding=\"async\" class=\"aligncenter size-medium wp-image-983\" alt=\"624A4507\" src=\"https:\/\/ff-waldbach.at\/wordpress\/wp-content\/uploads\/2015\/03\/624A4507-300x201.jpg\" width=\"300\" height=\"201\" srcset=\"https:\/\/ff-waldbach.at\/wordpress\/wp-content\/uploads\/2015\/03\/624A4507-300x201.jpg 300w, https:\/\/ff-waldbach.at\/wordpress\/wp-content\/uploads\/2015\/03\/624A4507-447x300.jpg 447w, https:\/\/ff-waldbach.at\/wordpress\/wp-content\/uploads\/2015\/03\/624A4507.jpg 640w\" sizes=\"auto, (max-width: 300px) 100vw, 300px\" \/><\/a><\/p>\n<p>und der einzelnen Sonderbeauftragten.<br \/>\nAusbildungsbeauftragter OBI Karl Sch\u00f6ngrundner<br \/>\n<a href=\"https:\/\/ff-waldbach.at\/wordpress\/wp-content\/uploads\/2015\/03\/624A4523.jpg\"><img loading=\"lazy\" decoding=\"async\" class=\"aligncenter size-medium wp-image-989\" alt=\"624A4523\" src=\"https:\/\/ff-waldbach.at\/wordpress\/wp-content\/uploads\/2015\/03\/624A4523-300x201.jpg\" width=\"300\" height=\"201\" srcset=\"https:\/\/ff-waldbach.at\/wordpress\/wp-content\/uploads\/2015\/03\/624A4523-300x201.jpg 300w, https:\/\/ff-waldbach.at\/wordpress\/wp-content\/uploads\/2015\/03\/624A4523-447x300.jpg 447w, https:\/\/ff-waldbach.at\/wordpress\/wp-content\/uploads\/2015\/03\/624A4523.jpg 640w\" sizes=\"auto, (max-width: 300px) 100vw, 300px\" \/><\/a><\/p>\n<p>Sanit\u00e4tsbeauftragter LM d. S. Daniel Engel<br \/>\n<a href=\"https:\/\/ff-waldbach.at\/wordpress\/wp-content\/uploads\/2015\/03\/624A4508.jpg\"><img loading=\"lazy\" decoding=\"async\" class=\"aligncenter size-medium wp-image-984\" alt=\"624A4508\" src=\"https:\/\/ff-waldbach.at\/wordpress\/wp-content\/uploads\/2015\/03\/624A4508-300x201.jpg\" width=\"300\" height=\"201\" srcset=\"https:\/\/ff-waldbach.at\/wordpress\/wp-content\/uploads\/2015\/03\/624A4508-300x201.jpg 300w, https:\/\/ff-waldbach.at\/wordpress\/wp-content\/uploads\/2015\/03\/624A4508-447x300.jpg 447w, https:\/\/ff-waldbach.at\/wordpress\/wp-content\/uploads\/2015\/03\/624A4508.jpg 640w\" sizes=\"auto, (max-width: 300px) 100vw, 300px\" \/><\/a><\/p>\n<p>Funkbeauftragte FM Michaela Pockreiter<br \/>\n<a href=\"https:\/\/ff-waldbach.at\/wordpress\/wp-content\/uploads\/2015\/03\/624A4513.jpg\"><img loading=\"lazy\" decoding=\"async\" class=\"aligncenter size-medium wp-image-986\" alt=\"624A4513\" src=\"https:\/\/ff-waldbach.at\/wordpress\/wp-content\/uploads\/2015\/03\/624A4513-201x300.jpg\" width=\"201\" height=\"300\" srcset=\"https:\/\/ff-waldbach.at\/wordpress\/wp-content\/uploads\/2015\/03\/624A4513-201x300.jpg 201w, https:\/\/ff-waldbach.at\/wordpress\/wp-content\/uploads\/2015\/03\/624A4513.jpg 322w\" sizes=\"auto, (max-width: 201px) 100vw, 201px\" \/><\/a><\/p>\n<p>Maschinenmeister OBM Johann Lengl<br \/>\n<a href=\"https:\/\/ff-waldbach.at\/wordpress\/wp-content\/uploads\/2015\/03\/624A4518.jpg\"><img loading=\"lazy\" decoding=\"async\" class=\"aligncenter size-medium wp-image-987\" alt=\"624A4518\" src=\"https:\/\/ff-waldbach.at\/wordpress\/wp-content\/uploads\/2015\/03\/624A4518-201x300.jpg\" width=\"201\" height=\"300\" srcset=\"https:\/\/ff-waldbach.at\/wordpress\/wp-content\/uploads\/2015\/03\/624A4518-201x300.jpg 201w, https:\/\/ff-waldbach.at\/wordpress\/wp-content\/uploads\/2015\/03\/624A4518.jpg 322w\" sizes=\"auto, (max-width: 201px) 100vw, 201px\" \/><\/a><\/p>\n<p>Ger\u00e4te- und Bekleidungswart LM Andreas Kernbichler<br \/>\n<a href=\"https:\/\/ff-waldbach.at\/wordpress\/wp-content\/uploads\/2015\/03\/624A4522.jpg\"><img loading=\"lazy\" decoding=\"async\" class=\"aligncenter size-medium wp-image-988\" alt=\"624A4522\" src=\"https:\/\/ff-waldbach.at\/wordpress\/wp-content\/uploads\/2015\/03\/624A4522-300x201.jpg\" width=\"300\" height=\"201\" srcset=\"https:\/\/ff-waldbach.at\/wordpress\/wp-content\/uploads\/2015\/03\/624A4522-300x201.jpg 300w, https:\/\/ff-waldbach.at\/wordpress\/wp-content\/uploads\/2015\/03\/624A4522-447x300.jpg 447w, https:\/\/ff-waldbach.at\/wordpress\/wp-content\/uploads\/2015\/03\/624A4522.jpg 640w\" sizes=\"auto, (max-width: 300px) 100vw, 300px\" \/><\/a><\/p>\n<p>Bewerbsgruppe HFM Martin Pockreiter<br \/>\n<a href=\"https:\/\/ff-waldbach.at\/wordpress\/wp-content\/uploads\/2015\/03\/624A4511.jpg\"><img loading=\"lazy\" decoding=\"async\" class=\"aligncenter size-medium wp-image-985\" alt=\"624A4511\" src=\"https:\/\/ff-waldbach.at\/wordpress\/wp-content\/uploads\/2015\/03\/624A4511-201x300.jpg\" width=\"201\" height=\"300\" srcset=\"https:\/\/ff-waldbach.at\/wordpress\/wp-content\/uploads\/2015\/03\/624A4511-201x300.jpg 201w, https:\/\/ff-waldbach.at\/wordpress\/wp-content\/uploads\/2015\/03\/624A4511.jpg 322w\" sizes=\"auto, (max-width: 201px) 100vw, 201px\" \/><\/a><\/p>\n<p>Bef\u00f6rderungen:<br \/>\nZur Funkbeauftragten wurde <span style=\"color: #000000;\"><strong>FM Michaela Pockreiter<\/strong> <\/span>und<br \/>\nzur Funkwart-Stellvertreterin <strong><span style=\"color: #000000;\">FM Julia Pfeifer<\/span> <\/strong>ernannt.<\/p>\n<p>In ihren Ansprachen bedankten sich Vizeb\u00fcrgermeister a. D. Arrigo Kurz und ABI Markus Allmer f\u00fcr die hervorragende Arbeit im abgelaufenen Jahr,sowie f\u00fcr die gute Zusammenarbeit.<br \/>\n<a href=\"https:\/\/ff-waldbach.at\/wordpress\/wp-content\/uploads\/2015\/03\/624A4535.jpg\"><img loading=\"lazy\" decoding=\"async\" class=\"aligncenter size-medium wp-image-990\" alt=\"624A4535\" src=\"https:\/\/ff-waldbach.at\/wordpress\/wp-content\/uploads\/2015\/03\/624A4535-201x300.jpg\" width=\"201\" height=\"300\" srcset=\"https:\/\/ff-waldbach.at\/wordpress\/wp-content\/uploads\/2015\/03\/624A4535-201x300.jpg 201w, https:\/\/ff-waldbach.at\/wordpress\/wp-content\/uploads\/2015\/03\/624A4535.jpg 322w\" sizes=\"auto, (max-width: 201px) 100vw, 201px\" \/><\/a><a href=\"https:\/\/ff-waldbach.at\/wordpress\/wp-content\/uploads\/2015\/03\/624A4538.jpg\"><img loading=\"lazy\" decoding=\"async\" class=\"aligncenter size-medium wp-image-981\" alt=\"624A4538\" src=\"https:\/\/ff-waldbach.at\/wordpress\/wp-content\/uploads\/2015\/03\/624A4538-300x201.jpg\" width=\"300\" height=\"201\" srcset=\"https:\/\/ff-waldbach.at\/wordpress\/wp-content\/uploads\/2015\/03\/624A4538-300x201.jpg 300w, https:\/\/ff-waldbach.at\/wordpress\/wp-content\/uploads\/2015\/03\/624A4538-447x300.jpg 447w, https:\/\/ff-waldbach.at\/wordpress\/wp-content\/uploads\/2015\/03\/624A4538.jpg 640w\" sizes=\"auto, (max-width: 300px) 100vw, 300px\" \/><\/a><\/p>\n<p>Fotos: Othmar Doppelhofer<\/p>\n","protected":false},"excerpt":{"rendered":"<p>Am Sonntag den\u00a008. M\u00e4rz 2015 fand im Gasthof Hold die allj\u00e4rliche Wehrversammlung der Feuerwehr Waldbach statt. Kommandant HBI Walter Kernbichler [&hellip;]<\/p>\n","protected":false},"author":1,"featured_media":0,"comment_status":"closed","ping_status":"closed","sticky":false,"template":"","format":"standard","meta":{"_coblocks_attr":"","_coblocks_dimensions":"","_coblocks_responsive_height":"","_coblocks_accordion_ie_support":"","footnotes":""},"categories":[1],"tags":[],"class_list":["post-980","post","type-post","status-publish","format-standard","hentry","category-allgemein"],"_links":{"self":[{"href":"https:\/\/ff-waldbach.at\/wordpress\/index.php?rest_route=\/wp\/v2\/posts\/980","targetHints":{"allow":["GET"]}}],"collection":[{"href":"https:\/\/ff-waldbach.at\/wordpress\/index.php?rest_route=\/wp\/v2\/posts"}],"about":[{"href":"https:\/\/ff-waldbach.at\/wordpress\/index.php?rest_route=\/wp\/v2\/types\/post"}],"author":[{"embeddable":true,"href":"https:\/\/ff-waldbach.at\/wordpress\/index.php?rest_route=\/wp\/v2\/users\/1"}],"replies":[{"embeddable":true,"href":"https:\/\/ff-waldbach.at\/wordpress\/index.php?rest_route=%2Fwp%2Fv2%2Fcomments&post=980"}],"version-history":[{"count":1,"href":"https:\/\/ff-waldbach.at\/wordpress\/index.php?rest_route=\/wp\/v2\/posts\/980\/revisions"}],"predecessor-version":[{"id":991,"href":"https:\/\/ff-waldbach.at\/wordpress\/index.php?rest_route=\/wp\/v2\/posts\/980\/revisions\/991"}],"wp:attachment":[{"href":"https:\/\/ff-waldbach.at\/wordpress\/index.php?rest_route=%2Fwp%2Fv2%2Fmedia&parent=980"}],"wp:term":[{"taxonomy":"category","embeddable":true,"href":"https:\/\/ff-waldbach.at\/wordpress\/index.php?rest_route=%2Fwp%2Fv2%2Fcategories&post=980"},{"taxonomy":"post_tag","embeddable":true,"href":"https:\/\/ff-waldbach.at\/wordpress\/index.php?rest_route=%2Fwp%2Fv2%2Ftags&post=980"}],"curies":[{"name":"wp","href":"https:\/\/api.w.org\/{rel}","templated":true}]}}